{"id":6894,"date":"2017-03-06T11:18:20","date_gmt":"2017-03-06T11:18:20","guid":{"rendered":"https:\/\/wirtznv.com\/wirtz-is-part-of-the-2017-ad100-architectural-digest\/"},"modified":"2024-02-13T15:35:43","modified_gmt":"2024-02-13T13:35:43","slug":"wirtz-fait-partie-de-lad-100-architectural-digest-2017","status":"publish","type":"post","link":"https:\/\/wirtznv.com\/fr\/wirtz-fait-partie-de-lad-100-architectural-digest-2017\/","title":{"rendered":"Wirtz fait partie de l&rsquo;AD100 (Architectural Digest) 2017"},"content":{"rendered":"<p>&nbsp;<\/p>\n<p>Nous sommes honor\u00e9s d&rsquo;avoir \u00e9t\u00e9 nomm\u00e9s dans l&rsquo;\u00e9dition 2017 de l&rsquo;#AD100. Merci \u00e0 @archdigest et @amytastley de nous avoir inclus parmi les principaux talents qui changent le monde gr\u00e2ce au design.<\/p>\n","protected":false},"excerpt":{"rendered":"<p>&nbsp; Nous sommes honor\u00e9s d&rsquo;avoir \u00e9t\u00e9 nomm\u00e9s dans l&rsquo;\u00e9dition 2017 de l&rsquo;#AD100. Merci \u00e0 @archdigest et @amytastley de nous avoir inclus parmi les principaux talents qui changent le monde gr\u00e2ce au design.<\/p>\n","protected":false},"author":1,"featured_media":8317,"comment_status":"closed","ping_status":"open","sticky":false,"template":"","format":"standard","meta":{"_acf_changed":false,"footnotes":""},"categories":[4],"tags":[],"class_list":["post-6894","post","type-post","status-publish","format-standard","has-post-thumbnail","hentry","category-non-classifiee"],"acf":[],"yoast_head":"<!-- This site is optimized with the Yoast SEO plugin v27.4 - https:\/\/yoast.com\/product\/yoast-seo-wordpress\/ -->\n<title>Recueil architectural 2017 | Wirtz International Tuinarchitecten<\/title>\n<meta name=\"description\" content=\"Nous allons d\u00e9couvrir les mots g\u00e9n\u00e9r\u00e9s dans le recueil architectural 2017 ainsi qu&#039;un des nombreux talents de la v\u00e9randa du milieu du design.\" \/>\n<meta name=\"robots\" content=\"index, follow, max-snippet:-1, max-image-preview:large, max-video-preview:-1\" \/>\n<link rel=\"canonical\" href=\"https:\/\/wirtznv.com\/fr\/wirtz-fait-partie-de-lad-100-architectural-digest-2017\/\" \/>\n<meta property=\"og:locale\" content=\"fr_FR\" \/>\n<meta property=\"og:type\" content=\"article\" \/>\n<meta property=\"og:title\" content=\"Recueil architectural 2017 | Wirtz International Tuinarchitecten\" \/>\n<meta property=\"og:description\" content=\"Nous allons d\u00e9couvrir les mots g\u00e9n\u00e9r\u00e9s dans le recueil architectural 2017 ainsi qu&#039;un des nombreux talents de la v\u00e9randa du milieu du design.\" \/>\n<meta property=\"og:url\" content=\"https:\/\/wirtznv.com\/fr\/wirtz-fait-partie-de-lad-100-architectural-digest-2017\/\" \/>\n<meta property=\"og:site_name\" content=\"Wirtz NV\" \/>\n<meta property=\"article:published_time\" content=\"2017-03-06T11:18:20+00:00\" \/>\n<meta property=\"article:modified_time\" content=\"2024-02-13T13:35:43+00:00\" \/>\n<meta property=\"og:image\" content=\"https:\/\/wirtznv.com\/wp-content\/uploads\/2017\/03\/News-Wirtz-Is-Part-Of-The-2017-AD100-ARCHITECTURAL-DIGEST.jpg\" \/>\n\t<meta property=\"og:image:width\" content=\"2000\" \/>\n\t<meta property=\"og:image:height\" content=\"1499\" \/>\n\t<meta property=\"og:image:type\" content=\"image\/jpeg\" \/>\n<meta name=\"author\" content=\"dxv_webmaster\" \/>\n<meta name=\"twitter:card\" content=\"summary_large_image\" \/>\n<meta name=\"twitter:label1\" content=\"\u00c9crit par\" \/>\n\t<meta name=\"twitter:data1\" content=\"dxv_webmaster\" \/>\n\t<meta name=\"twitter:label2\" content=\"Dur\u00e9e de lecture estim\u00e9e\" \/>\n\t<meta name=\"twitter:data2\" content=\"1 minute\" \/>\n<script type=\"application\/ld+json\" class=\"yoast-schema-graph\">{\"@context\":\"https:\\\/\\\/schema.org\",\"@graph\":[{\"@type\":\"Article\",\"@id\":\"https:\\\/\\\/wirtznv.com\\\/fr\\\/wirtz-fait-partie-de-lad-100-architectural-digest-2017\\\/#article\",\"isPartOf\":{\"@id\":\"https:\\\/\\\/wirtznv.com\\\/fr\\\/wirtz-fait-partie-de-lad-100-architectural-digest-2017\\\/\"},\"author\":{\"name\":\"dxv_webmaster\",\"@id\":\"https:\\\/\\\/wirtznv.com\\\/fr\\\/#\\\/schema\\\/person\\\/238ae8b6d8292a0cce4aba73db1f4de7\"},\"headline\":\"Wirtz fait partie de l&rsquo;AD100 (Architectural Digest) 2017\",\"datePublished\":\"2017-03-06T11:18:20+00:00\",\"dateModified\":\"2024-02-13T13:35:43+00:00\",\"mainEntityOfPage\":{\"@id\":\"https:\\\/\\\/wirtznv.com\\\/fr\\\/wirtz-fait-partie-de-lad-100-architectural-digest-2017\\\/\"},\"wordCount\":44,\"publisher\":{\"@id\":\"https:\\\/\\\/wirtznv.com\\\/fr\\\/#organization\"},\"image\":{\"@id\":\"https:\\\/\\\/wirtznv.com\\\/fr\\\/wirtz-fait-partie-de-lad-100-architectural-digest-2017\\\/#primaryimage\"},\"thumbnailUrl\":\"https:\\\/\\\/wirtznv.com\\\/wp-content\\\/uploads\\\/2017\\\/03\\\/News-Wirtz-Is-Part-Of-The-2017-AD100-ARCHITECTURAL-DIGEST.jpg\",\"articleSection\":[\"Non classifi\u00e9(e)\"],\"inLanguage\":\"fr-FR\"},{\"@type\":\"WebPage\",\"@id\":\"https:\\\/\\\/wirtznv.com\\\/fr\\\/wirtz-fait-partie-de-lad-100-architectural-digest-2017\\\/\",\"url\":\"https:\\\/\\\/wirtznv.com\\\/fr\\\/wirtz-fait-partie-de-lad-100-architectural-digest-2017\\\/\",\"name\":\"Recueil architectural 2017 | Wirtz International Tuinarchitecten\",\"isPartOf\":{\"@id\":\"https:\\\/\\\/wirtznv.com\\\/fr\\\/#website\"},\"primaryImageOfPage\":{\"@id\":\"https:\\\/\\\/wirtznv.com\\\/fr\\\/wirtz-fait-partie-de-lad-100-architectural-digest-2017\\\/#primaryimage\"},\"image\":{\"@id\":\"https:\\\/\\\/wirtznv.com\\\/fr\\\/wirtz-fait-partie-de-lad-100-architectural-digest-2017\\\/#primaryimage\"},\"thumbnailUrl\":\"https:\\\/\\\/wirtznv.com\\\/wp-content\\\/uploads\\\/2017\\\/03\\\/News-Wirtz-Is-Part-Of-The-2017-AD100-ARCHITECTURAL-DIGEST.jpg\",\"datePublished\":\"2017-03-06T11:18:20+00:00\",\"dateModified\":\"2024-02-13T13:35:43+00:00\",\"description\":\"Nous allons d\u00e9couvrir les mots g\u00e9n\u00e9r\u00e9s dans le recueil architectural 2017 ainsi qu'un des nombreux talents de la v\u00e9randa du milieu du design.\",\"breadcrumb\":{\"@id\":\"https:\\\/\\\/wirtznv.com\\\/fr\\\/wirtz-fait-partie-de-lad-100-architectural-digest-2017\\\/#breadcrumb\"},\"inLanguage\":\"fr-FR\",\"potentialAction\":[{\"@type\":\"ReadAction\",\"target\":[\"https:\\\/\\\/wirtznv.com\\\/fr\\\/wirtz-fait-partie-de-lad-100-architectural-digest-2017\\\/\"]}]},{\"@type\":\"ImageObject\",\"inLanguage\":\"fr-FR\",\"@id\":\"https:\\\/\\\/wirtznv.com\\\/fr\\\/wirtz-fait-partie-de-lad-100-architectural-digest-2017\\\/#primaryimage\",\"url\":\"https:\\\/\\\/wirtznv.com\\\/wp-content\\\/uploads\\\/2017\\\/03\\\/News-Wirtz-Is-Part-Of-The-2017-AD100-ARCHITECTURAL-DIGEST.jpg\",\"contentUrl\":\"https:\\\/\\\/wirtznv.com\\\/wp-content\\\/uploads\\\/2017\\\/03\\\/News-Wirtz-Is-Part-Of-The-2017-AD100-ARCHITECTURAL-DIGEST.jpg\",\"width\":2000,\"height\":1499},{\"@type\":\"BreadcrumbList\",\"@id\":\"https:\\\/\\\/wirtznv.com\\\/fr\\\/wirtz-fait-partie-de-lad-100-architectural-digest-2017\\\/#breadcrumb\",\"itemListElement\":[{\"@type\":\"ListItem\",\"position\":1,\"name\":\"Home\",\"item\":\"https:\\\/\\\/wirtznv.com\\\/fr\\\/\"},{\"@type\":\"ListItem\",\"position\":2,\"name\":\"Wirtz fait partie de l&#8217;AD100 (Architectural Digest) 2017\"}]},{\"@type\":\"WebSite\",\"@id\":\"https:\\\/\\\/wirtznv.com\\\/fr\\\/#website\",\"url\":\"https:\\\/\\\/wirtznv.com\\\/fr\\\/\",\"name\":\"Wirtz NV\",\"description\":\"\",\"publisher\":{\"@id\":\"https:\\\/\\\/wirtznv.com\\\/fr\\\/#organization\"},\"potentialAction\":[{\"@type\":\"SearchAction\",\"target\":{\"@type\":\"EntryPoint\",\"urlTemplate\":\"https:\\\/\\\/wirtznv.com\\\/fr\\\/?s={search_term_string}\"},\"query-input\":{\"@type\":\"PropertyValueSpecification\",\"valueRequired\":true,\"valueName\":\"search_term_string\"}}],\"inLanguage\":\"fr-FR\"},{\"@type\":\"Organization\",\"@id\":\"https:\\\/\\\/wirtznv.com\\\/fr\\\/#organization\",\"name\":\"Wirtz NV\",\"url\":\"https:\\\/\\\/wirtznv.com\\\/fr\\\/\",\"logo\":{\"@type\":\"ImageObject\",\"inLanguage\":\"fr-FR\",\"@id\":\"https:\\\/\\\/wirtznv.com\\\/fr\\\/#\\\/schema\\\/logo\\\/image\\\/\",\"url\":\"https:\\\/\\\/mk0wirtznvw3r6n59kw4.kinstacdn.com\\\/wp-content\\\/uploads\\\/2021\\\/03\\\/logo_header@2x-1.png\",\"contentUrl\":\"https:\\\/\\\/mk0wirtznvw3r6n59kw4.kinstacdn.com\\\/wp-content\\\/uploads\\\/2021\\\/03\\\/logo_header@2x-1.png\",\"width\":177,\"height\":161,\"caption\":\"Wirtz NV\"},\"image\":{\"@id\":\"https:\\\/\\\/wirtznv.com\\\/fr\\\/#\\\/schema\\\/logo\\\/image\\\/\"}},{\"@type\":\"Person\",\"@id\":\"https:\\\/\\\/wirtznv.com\\\/fr\\\/#\\\/schema\\\/person\\\/238ae8b6d8292a0cce4aba73db1f4de7\",\"name\":\"dxv_webmaster\",\"image\":{\"@type\":\"ImageObject\",\"inLanguage\":\"fr-FR\",\"@id\":\"https:\\\/\\\/secure.gravatar.com\\\/avatar\\\/4ac4d7ab1873815315009d11c27ceb03fab8cfaa9cacc1396d8c439780e46067?s=96&d=mm&r=g\",\"url\":\"https:\\\/\\\/secure.gravatar.com\\\/avatar\\\/4ac4d7ab1873815315009d11c27ceb03fab8cfaa9cacc1396d8c439780e46067?s=96&d=mm&r=g\",\"contentUrl\":\"https:\\\/\\\/secure.gravatar.com\\\/avatar\\\/4ac4d7ab1873815315009d11c27ceb03fab8cfaa9cacc1396d8c439780e46067?s=96&d=mm&r=g\",\"caption\":\"dxv_webmaster\"},\"sameAs\":[\"https:\\\/\\\/wirtznv.com\"],\"url\":\"https:\\\/\\\/wirtznv.com\\\/fr\\\/author\\\/dxv_webmaster\\\/\"}]}<\/script>\n<!-- \/ Yoast SEO plugin. -->","yoast_head_json":{"title":"Recueil architectural 2017 | Wirtz International Tuinarchitecten","description":"Nous allons d\u00e9couvrir les mots g\u00e9n\u00e9r\u00e9s dans le recueil architectural 2017 ainsi qu'un des nombreux talents de la v\u00e9randa du milieu du design.","robots":{"index":"index","follow":"follow","max-snippet":"max-snippet:-1","max-image-preview":"max-image-preview:large","max-video-preview":"max-video-preview:-1"},"canonical":"https:\/\/wirtznv.com\/fr\/wirtz-fait-partie-de-lad-100-architectural-digest-2017\/","og_locale":"fr_FR","og_type":"article","og_title":"Recueil architectural 2017 | Wirtz International Tuinarchitecten","og_description":"Nous allons d\u00e9couvrir les mots g\u00e9n\u00e9r\u00e9s dans le recueil architectural 2017 ainsi qu'un des nombreux talents de la v\u00e9randa du milieu du design.","og_url":"https:\/\/wirtznv.com\/fr\/wirtz-fait-partie-de-lad-100-architectural-digest-2017\/","og_site_name":"Wirtz NV","article_published_time":"2017-03-06T11:18:20+00:00","article_modified_time":"2024-02-13T13:35:43+00:00","og_image":[{"width":2000,"height":1499,"url":"https:\/\/wirtznv.com\/wp-content\/uploads\/2017\/03\/News-Wirtz-Is-Part-Of-The-2017-AD100-ARCHITECTURAL-DIGEST.jpg","type":"image\/jpeg"}],"author":"dxv_webmaster","twitter_card":"summary_large_image","twitter_misc":{"\u00c9crit par":"dxv_webmaster","Dur\u00e9e de lecture estim\u00e9e":"1 minute"},"schema":{"@context":"https:\/\/schema.org","@graph":[{"@type":"Article","@id":"https:\/\/wirtznv.com\/fr\/wirtz-fait-partie-de-lad-100-architectural-digest-2017\/#article","isPartOf":{"@id":"https:\/\/wirtznv.com\/fr\/wirtz-fait-partie-de-lad-100-architectural-digest-2017\/"},"author":{"name":"dxv_webmaster","@id":"https:\/\/wirtznv.com\/fr\/#\/schema\/person\/238ae8b6d8292a0cce4aba73db1f4de7"},"headline":"Wirtz fait partie de l&rsquo;AD100 (Architectural Digest) 2017","datePublished":"2017-03-06T11:18:20+00:00","dateModified":"2024-02-13T13:35:43+00:00","mainEntityOfPage":{"@id":"https:\/\/wirtznv.com\/fr\/wirtz-fait-partie-de-lad-100-architectural-digest-2017\/"},"wordCount":44,"publisher":{"@id":"https:\/\/wirtznv.com\/fr\/#organization"},"image":{"@id":"https:\/\/wirtznv.com\/fr\/wirtz-fait-partie-de-lad-100-architectural-digest-2017\/#primaryimage"},"thumbnailUrl":"https:\/\/wirtznv.com\/wp-content\/uploads\/2017\/03\/News-Wirtz-Is-Part-Of-The-2017-AD100-ARCHITECTURAL-DIGEST.jpg","articleSection":["Non classifi\u00e9(e)"],"inLanguage":"fr-FR"},{"@type":"WebPage","@id":"https:\/\/wirtznv.com\/fr\/wirtz-fait-partie-de-lad-100-architectural-digest-2017\/","url":"https:\/\/wirtznv.com\/fr\/wirtz-fait-partie-de-lad-100-architectural-digest-2017\/","name":"Recueil architectural 2017 | Wirtz International Tuinarchitecten","isPartOf":{"@id":"https:\/\/wirtznv.com\/fr\/#website"},"primaryImageOfPage":{"@id":"https:\/\/wirtznv.com\/fr\/wirtz-fait-partie-de-lad-100-architectural-digest-2017\/#primaryimage"},"image":{"@id":"https:\/\/wirtznv.com\/fr\/wirtz-fait-partie-de-lad-100-architectural-digest-2017\/#primaryimage"},"thumbnailUrl":"https:\/\/wirtznv.com\/wp-content\/uploads\/2017\/03\/News-Wirtz-Is-Part-Of-The-2017-AD100-ARCHITECTURAL-DIGEST.jpg","datePublished":"2017-03-06T11:18:20+00:00","dateModified":"2024-02-13T13:35:43+00:00","description":"Nous allons d\u00e9couvrir les mots g\u00e9n\u00e9r\u00e9s dans le recueil architectural 2017 ainsi qu'un des nombreux talents de la v\u00e9randa du milieu du design.","breadcrumb":{"@id":"https:\/\/wirtznv.com\/fr\/wirtz-fait-partie-de-lad-100-architectural-digest-2017\/#breadcrumb"},"inLanguage":"fr-FR","potentialAction":[{"@type":"ReadAction","target":["https:\/\/wirtznv.com\/fr\/wirtz-fait-partie-de-lad-100-architectural-digest-2017\/"]}]},{"@type":"ImageObject","inLanguage":"fr-FR","@id":"https:\/\/wirtznv.com\/fr\/wirtz-fait-partie-de-lad-100-architectural-digest-2017\/#primaryimage","url":"https:\/\/wirtznv.com\/wp-content\/uploads\/2017\/03\/News-Wirtz-Is-Part-Of-The-2017-AD100-ARCHITECTURAL-DIGEST.jpg","contentUrl":"https:\/\/wirtznv.com\/wp-content\/uploads\/2017\/03\/News-Wirtz-Is-Part-Of-The-2017-AD100-ARCHITECTURAL-DIGEST.jpg","width":2000,"height":1499},{"@type":"BreadcrumbList","@id":"https:\/\/wirtznv.com\/fr\/wirtz-fait-partie-de-lad-100-architectural-digest-2017\/#breadcrumb","itemListElement":[{"@type":"ListItem","position":1,"name":"Home","item":"https:\/\/wirtznv.com\/fr\/"},{"@type":"ListItem","position":2,"name":"Wirtz fait partie de l&#8217;AD100 (Architectural Digest) 2017"}]},{"@type":"WebSite","@id":"https:\/\/wirtznv.com\/fr\/#website","url":"https:\/\/wirtznv.com\/fr\/","name":"Wirtz NV","description":"","publisher":{"@id":"https:\/\/wirtznv.com\/fr\/#organization"},"potentialAction":[{"@type":"SearchAction","target":{"@type":"EntryPoint","urlTemplate":"https:\/\/wirtznv.com\/fr\/?s={search_term_string}"},"query-input":{"@type":"PropertyValueSpecification","valueRequired":true,"valueName":"search_term_string"}}],"inLanguage":"fr-FR"},{"@type":"Organization","@id":"https:\/\/wirtznv.com\/fr\/#organization","name":"Wirtz NV","url":"https:\/\/wirtznv.com\/fr\/","logo":{"@type":"ImageObject","inLanguage":"fr-FR","@id":"https:\/\/wirtznv.com\/fr\/#\/schema\/logo\/image\/","url":"https:\/\/mk0wirtznvw3r6n59kw4.kinstacdn.com\/wp-content\/uploads\/2021\/03\/logo_header@2x-1.png","contentUrl":"https:\/\/mk0wirtznvw3r6n59kw4.kinstacdn.com\/wp-content\/uploads\/2021\/03\/logo_header@2x-1.png","width":177,"height":161,"caption":"Wirtz NV"},"image":{"@id":"https:\/\/wirtznv.com\/fr\/#\/schema\/logo\/image\/"}},{"@type":"Person","@id":"https:\/\/wirtznv.com\/fr\/#\/schema\/person\/238ae8b6d8292a0cce4aba73db1f4de7","name":"dxv_webmaster","image":{"@type":"ImageObject","inLanguage":"fr-FR","@id":"https:\/\/secure.gravatar.com\/avatar\/4ac4d7ab1873815315009d11c27ceb03fab8cfaa9cacc1396d8c439780e46067?s=96&d=mm&r=g","url":"https:\/\/secure.gravatar.com\/avatar\/4ac4d7ab1873815315009d11c27ceb03fab8cfaa9cacc1396d8c439780e46067?s=96&d=mm&r=g","contentUrl":"https:\/\/secure.gravatar.com\/avatar\/4ac4d7ab1873815315009d11c27ceb03fab8cfaa9cacc1396d8c439780e46067?s=96&d=mm&r=g","caption":"dxv_webmaster"},"sameAs":["https:\/\/wirtznv.com"],"url":"https:\/\/wirtznv.com\/fr\/author\/dxv_webmaster\/"}]}},"_links":{"self":[{"href":"https:\/\/wirtznv.com\/fr\/wp-json\/wp\/v2\/posts\/6894","targetHints":{"allow":["GET"]}}],"collection":[{"href":"https:\/\/wirtznv.com\/fr\/wp-json\/wp\/v2\/posts"}],"about":[{"href":"https:\/\/wirtznv.com\/fr\/wp-json\/wp\/v2\/types\/post"}],"author":[{"embeddable":true,"href":"https:\/\/wirtznv.com\/fr\/wp-json\/wp\/v2\/users\/1"}],"replies":[{"embeddable":true,"href":"https:\/\/wirtznv.com\/fr\/wp-json\/wp\/v2\/comments?post=6894"}],"version-history":[{"count":0,"href":"https:\/\/wirtznv.com\/fr\/wp-json\/wp\/v2\/posts\/6894\/revisions"}],"wp:featuredmedia":[{"embeddable":true,"href":"https:\/\/wirtznv.com\/fr\/wp-json\/wp\/v2\/media\/8317"}],"wp:attachment":[{"href":"https:\/\/wirtznv.com\/fr\/wp-json\/wp\/v2\/media?parent=6894"}],"wp:term":[{"taxonomy":"category","embeddable":true,"href":"https:\/\/wirtznv.com\/fr\/wp-json\/wp\/v2\/categories?post=6894"},{"taxonomy":"post_tag","embeddable":true,"href":"https:\/\/wirtznv.com\/fr\/wp-json\/wp\/v2\/tags?post=6894"}],"curies":[{"name":"wp","href":"https:\/\/api.w.org\/{rel}","templated":true}]}}