{"id":6804,"date":"2018-06-18T09:33:08","date_gmt":"2018-06-18T09:33:08","guid":{"rendered":"https:\/\/wirtznv.com\/rheinblick-residences-in-bonn-de-approach-completion\/"},"modified":"2024-02-28T09:25:25","modified_gmt":"2024-02-28T07:25:25","slug":"les-residences-rheinblick-a-bonn-de-sont-en-voie-dachevement","status":"publish","type":"post","link":"https:\/\/wirtznv.com\/fr\/les-residences-rheinblick-a-bonn-de-sont-en-voie-dachevement\/","title":{"rendered":"Les r\u00e9sidences Rheinblick \u00e0 Bonn (DE) sont en voie d&rsquo;ach\u00e8vement"},"content":{"rendered":"<p>&nbsp;<\/p>\n<p>L&rsquo;am\u00e9nagement paysager des <a href=\"https:\/\/wirtznv.com\/fr\/projet\/rheinblick-residences-bonn-de\/\">r\u00e9sidences Rheinblick \u00e0 Bonn (DE)<\/a> est en voie d&rsquo;ach\u00e8vement. Nous travaillons actuellement sur les derni\u00e8res phases pour compl\u00e9ter ce site ferm\u00e9 avec des villas et des appartements de luxe au bord du Rhin. Une structure fluide et douce dans laquelle des massifs <strong>de haies taill\u00e9es, des gramin\u00e9es ornementales<\/strong> et <strong>des arbres \u00e0 fleurs<\/strong> constituent la base de cet environnement aux allures de parc.<\/p>\n<p>L&rsquo;ouverture officielle des r\u00e9sidences Rheinblick est pr\u00e9vue pour le mois de juillet de cette ann\u00e9e. \u00c0 partir de cette date, les r\u00e9sidents pourront profiter de la vue annuelle exceptionnelle sur le parc environnant.<\/p>\n","protected":false},"excerpt":{"rendered":"<p>&nbsp; L&rsquo;am\u00e9nagement paysager des r\u00e9sidences Rheinblick \u00e0 Bonn (DE) est en voie d&rsquo;ach\u00e8vement. Nous travaillons actuellement sur les derni\u00e8res phases pour compl\u00e9ter ce site ferm\u00e9 avec des villas et des appartements de luxe au bord du Rhin. Une structure fluide [&hellip;]<\/p>\n","protected":false},"author":1,"featured_media":8265,"comment_status":"closed","ping_status":"open","sticky":false,"template":"","format":"standard","meta":{"_acf_changed":false,"footnotes":""},"categories":[4],"tags":[],"class_list":["post-6804","post","type-post","status-publish","format-standard","has-post-thumbnail","hentry","category-non-classifiee"],"acf":[],"yoast_head":"<!-- This site is optimized with the Yoast SEO plugin v27.4 - https:\/\/yoast.com\/product\/yoast-seo-wordpress\/ -->\n<title>R\u00e9sidences Rheinblick \u00e0 Bonn | Wirtz Architectes paysagistes internationaux<\/title>\n<meta name=\"description\" content=\"L&#039;am\u00e9nagement paysager des r\u00e9sidences Rheinblick \u00e0 Bonn est en voie d&#039;ach\u00e8vement. Nous travaillons actuellement sur les phases finales.\" \/>\n<meta name=\"robots\" content=\"index, follow, max-snippet:-1, max-image-preview:large, max-video-preview:-1\" \/>\n<link rel=\"canonical\" href=\"https:\/\/wirtznv.com\/fr\/les-residences-rheinblick-a-bonn-de-sont-en-voie-dachevement\/\" \/>\n<meta property=\"og:locale\" content=\"fr_FR\" \/>\n<meta property=\"og:type\" content=\"article\" \/>\n<meta property=\"og:title\" content=\"R\u00e9sidences Rheinblick \u00e0 Bonn | Wirtz Architectes paysagistes internationaux\" \/>\n<meta property=\"og:description\" content=\"L&#039;am\u00e9nagement paysager des r\u00e9sidences Rheinblick \u00e0 Bonn est en voie d&#039;ach\u00e8vement. Nous travaillons actuellement sur les phases finales.\" \/>\n<meta property=\"og:url\" content=\"https:\/\/wirtznv.com\/fr\/les-residences-rheinblick-a-bonn-de-sont-en-voie-dachevement\/\" \/>\n<meta property=\"og:site_name\" content=\"Wirtz NV\" \/>\n<meta property=\"article:published_time\" content=\"2018-06-18T09:33:08+00:00\" \/>\n<meta property=\"article:modified_time\" content=\"2024-02-28T07:25:25+00:00\" \/>\n<meta property=\"og:image\" content=\"https:\/\/wirtznv.com\/wp-content\/uploads\/2018\/06\/News-Rheinblick-Residences-In-Bonn-DE-Approach-Completion.jpg\" \/>\n\t<meta property=\"og:image:width\" content=\"2000\" \/>\n\t<meta property=\"og:image:height\" content=\"1125\" \/>\n\t<meta property=\"og:image:type\" content=\"image\/jpeg\" \/>\n<meta name=\"author\" content=\"dxv_webmaster\" \/>\n<meta name=\"twitter:card\" content=\"summary_large_image\" \/>\n<meta name=\"twitter:label1\" content=\"\u00c9crit par\" \/>\n\t<meta name=\"twitter:data1\" content=\"dxv_webmaster\" \/>\n\t<meta name=\"twitter:label2\" content=\"Dur\u00e9e de lecture estim\u00e9e\" \/>\n\t<meta name=\"twitter:data2\" content=\"1 minute\" \/>\n<script type=\"application\/ld+json\" class=\"yoast-schema-graph\">{\"@context\":\"https:\\\/\\\/schema.org\",\"@graph\":[{\"@type\":\"Article\",\"@id\":\"https:\\\/\\\/wirtznv.com\\\/fr\\\/les-residences-rheinblick-a-bonn-de-sont-en-voie-dachevement\\\/#article\",\"isPartOf\":{\"@id\":\"https:\\\/\\\/wirtznv.com\\\/fr\\\/les-residences-rheinblick-a-bonn-de-sont-en-voie-dachevement\\\/\"},\"author\":{\"name\":\"dxv_webmaster\",\"@id\":\"https:\\\/\\\/wirtznv.com\\\/fr\\\/#\\\/schema\\\/person\\\/238ae8b6d8292a0cce4aba73db1f4de7\"},\"headline\":\"Les r\u00e9sidences Rheinblick \u00e0 Bonn (DE) sont en voie d&rsquo;ach\u00e8vement\",\"datePublished\":\"2018-06-18T09:33:08+00:00\",\"dateModified\":\"2024-02-28T07:25:25+00:00\",\"mainEntityOfPage\":{\"@id\":\"https:\\\/\\\/wirtznv.com\\\/fr\\\/les-residences-rheinblick-a-bonn-de-sont-en-voie-dachevement\\\/\"},\"wordCount\":123,\"publisher\":{\"@id\":\"https:\\\/\\\/wirtznv.com\\\/fr\\\/#organization\"},\"image\":{\"@id\":\"https:\\\/\\\/wirtznv.com\\\/fr\\\/les-residences-rheinblick-a-bonn-de-sont-en-voie-dachevement\\\/#primaryimage\"},\"thumbnailUrl\":\"https:\\\/\\\/wirtznv.com\\\/wp-content\\\/uploads\\\/2018\\\/06\\\/News-Rheinblick-Residences-In-Bonn-DE-Approach-Completion.jpg\",\"articleSection\":[\"Non classifi\u00e9(e)\"],\"inLanguage\":\"fr-FR\"},{\"@type\":\"WebPage\",\"@id\":\"https:\\\/\\\/wirtznv.com\\\/fr\\\/les-residences-rheinblick-a-bonn-de-sont-en-voie-dachevement\\\/\",\"url\":\"https:\\\/\\\/wirtznv.com\\\/fr\\\/les-residences-rheinblick-a-bonn-de-sont-en-voie-dachevement\\\/\",\"name\":\"R\u00e9sidences Rheinblick \u00e0 Bonn | Wirtz Architectes paysagistes internationaux\",\"isPartOf\":{\"@id\":\"https:\\\/\\\/wirtznv.com\\\/fr\\\/#website\"},\"primaryImageOfPage\":{\"@id\":\"https:\\\/\\\/wirtznv.com\\\/fr\\\/les-residences-rheinblick-a-bonn-de-sont-en-voie-dachevement\\\/#primaryimage\"},\"image\":{\"@id\":\"https:\\\/\\\/wirtznv.com\\\/fr\\\/les-residences-rheinblick-a-bonn-de-sont-en-voie-dachevement\\\/#primaryimage\"},\"thumbnailUrl\":\"https:\\\/\\\/wirtznv.com\\\/wp-content\\\/uploads\\\/2018\\\/06\\\/News-Rheinblick-Residences-In-Bonn-DE-Approach-Completion.jpg\",\"datePublished\":\"2018-06-18T09:33:08+00:00\",\"dateModified\":\"2024-02-28T07:25:25+00:00\",\"description\":\"L'am\u00e9nagement paysager des r\u00e9sidences Rheinblick \u00e0 Bonn est en voie d'ach\u00e8vement. Nous travaillons actuellement sur les phases finales.\",\"breadcrumb\":{\"@id\":\"https:\\\/\\\/wirtznv.com\\\/fr\\\/les-residences-rheinblick-a-bonn-de-sont-en-voie-dachevement\\\/#breadcrumb\"},\"inLanguage\":\"fr-FR\",\"potentialAction\":[{\"@type\":\"ReadAction\",\"target\":[\"https:\\\/\\\/wirtznv.com\\\/fr\\\/les-residences-rheinblick-a-bonn-de-sont-en-voie-dachevement\\\/\"]}]},{\"@type\":\"ImageObject\",\"inLanguage\":\"fr-FR\",\"@id\":\"https:\\\/\\\/wirtznv.com\\\/fr\\\/les-residences-rheinblick-a-bonn-de-sont-en-voie-dachevement\\\/#primaryimage\",\"url\":\"https:\\\/\\\/wirtznv.com\\\/wp-content\\\/uploads\\\/2018\\\/06\\\/News-Rheinblick-Residences-In-Bonn-DE-Approach-Completion.jpg\",\"contentUrl\":\"https:\\\/\\\/wirtznv.com\\\/wp-content\\\/uploads\\\/2018\\\/06\\\/News-Rheinblick-Residences-In-Bonn-DE-Approach-Completion.jpg\",\"width\":2000,\"height\":1125},{\"@type\":\"BreadcrumbList\",\"@id\":\"https:\\\/\\\/wirtznv.com\\\/fr\\\/les-residences-rheinblick-a-bonn-de-sont-en-voie-dachevement\\\/#breadcrumb\",\"itemListElement\":[{\"@type\":\"ListItem\",\"position\":1,\"name\":\"Home\",\"item\":\"https:\\\/\\\/wirtznv.com\\\/fr\\\/\"},{\"@type\":\"ListItem\",\"position\":2,\"name\":\"Les r\u00e9sidences Rheinblick \u00e0 Bonn (DE) sont en voie d&#8217;ach\u00e8vement\"}]},{\"@type\":\"WebSite\",\"@id\":\"https:\\\/\\\/wirtznv.com\\\/fr\\\/#website\",\"url\":\"https:\\\/\\\/wirtznv.com\\\/fr\\\/\",\"name\":\"Wirtz NV\",\"description\":\"\",\"publisher\":{\"@id\":\"https:\\\/\\\/wirtznv.com\\\/fr\\\/#organization\"},\"potentialAction\":[{\"@type\":\"SearchAction\",\"target\":{\"@type\":\"EntryPoint\",\"urlTemplate\":\"https:\\\/\\\/wirtznv.com\\\/fr\\\/?s={search_term_string}\"},\"query-input\":{\"@type\":\"PropertyValueSpecification\",\"valueRequired\":true,\"valueName\":\"search_term_string\"}}],\"inLanguage\":\"fr-FR\"},{\"@type\":\"Organization\",\"@id\":\"https:\\\/\\\/wirtznv.com\\\/fr\\\/#organization\",\"name\":\"Wirtz NV\",\"url\":\"https:\\\/\\\/wirtznv.com\\\/fr\\\/\",\"logo\":{\"@type\":\"ImageObject\",\"inLanguage\":\"fr-FR\",\"@id\":\"https:\\\/\\\/wirtznv.com\\\/fr\\\/#\\\/schema\\\/logo\\\/image\\\/\",\"url\":\"https:\\\/\\\/mk0wirtznvw3r6n59kw4.kinstacdn.com\\\/wp-content\\\/uploads\\\/2021\\\/03\\\/logo_header@2x-1.png\",\"contentUrl\":\"https:\\\/\\\/mk0wirtznvw3r6n59kw4.kinstacdn.com\\\/wp-content\\\/uploads\\\/2021\\\/03\\\/logo_header@2x-1.png\",\"width\":177,\"height\":161,\"caption\":\"Wirtz NV\"},\"image\":{\"@id\":\"https:\\\/\\\/wirtznv.com\\\/fr\\\/#\\\/schema\\\/logo\\\/image\\\/\"}},{\"@type\":\"Person\",\"@id\":\"https:\\\/\\\/wirtznv.com\\\/fr\\\/#\\\/schema\\\/person\\\/238ae8b6d8292a0cce4aba73db1f4de7\",\"name\":\"dxv_webmaster\",\"image\":{\"@type\":\"ImageObject\",\"inLanguage\":\"fr-FR\",\"@id\":\"https:\\\/\\\/secure.gravatar.com\\\/avatar\\\/4ac4d7ab1873815315009d11c27ceb03fab8cfaa9cacc1396d8c439780e46067?s=96&d=mm&r=g\",\"url\":\"https:\\\/\\\/secure.gravatar.com\\\/avatar\\\/4ac4d7ab1873815315009d11c27ceb03fab8cfaa9cacc1396d8c439780e46067?s=96&d=mm&r=g\",\"contentUrl\":\"https:\\\/\\\/secure.gravatar.com\\\/avatar\\\/4ac4d7ab1873815315009d11c27ceb03fab8cfaa9cacc1396d8c439780e46067?s=96&d=mm&r=g\",\"caption\":\"dxv_webmaster\"},\"sameAs\":[\"https:\\\/\\\/wirtznv.com\"],\"url\":\"https:\\\/\\\/wirtznv.com\\\/fr\\\/author\\\/dxv_webmaster\\\/\"}]}<\/script>\n<!-- \/ Yoast SEO plugin. -->","yoast_head_json":{"title":"R\u00e9sidences Rheinblick \u00e0 Bonn | Wirtz Architectes paysagistes internationaux","description":"L'am\u00e9nagement paysager des r\u00e9sidences Rheinblick \u00e0 Bonn est en voie d'ach\u00e8vement. Nous travaillons actuellement sur les phases finales.","robots":{"index":"index","follow":"follow","max-snippet":"max-snippet:-1","max-image-preview":"max-image-preview:large","max-video-preview":"max-video-preview:-1"},"canonical":"https:\/\/wirtznv.com\/fr\/les-residences-rheinblick-a-bonn-de-sont-en-voie-dachevement\/","og_locale":"fr_FR","og_type":"article","og_title":"R\u00e9sidences Rheinblick \u00e0 Bonn | Wirtz Architectes paysagistes internationaux","og_description":"L'am\u00e9nagement paysager des r\u00e9sidences Rheinblick \u00e0 Bonn est en voie d'ach\u00e8vement. Nous travaillons actuellement sur les phases finales.","og_url":"https:\/\/wirtznv.com\/fr\/les-residences-rheinblick-a-bonn-de-sont-en-voie-dachevement\/","og_site_name":"Wirtz NV","article_published_time":"2018-06-18T09:33:08+00:00","article_modified_time":"2024-02-28T07:25:25+00:00","og_image":[{"width":2000,"height":1125,"url":"https:\/\/wirtznv.com\/wp-content\/uploads\/2018\/06\/News-Rheinblick-Residences-In-Bonn-DE-Approach-Completion.jpg","type":"image\/jpeg"}],"author":"dxv_webmaster","twitter_card":"summary_large_image","twitter_misc":{"\u00c9crit par":"dxv_webmaster","Dur\u00e9e de lecture estim\u00e9e":"1 minute"},"schema":{"@context":"https:\/\/schema.org","@graph":[{"@type":"Article","@id":"https:\/\/wirtznv.com\/fr\/les-residences-rheinblick-a-bonn-de-sont-en-voie-dachevement\/#article","isPartOf":{"@id":"https:\/\/wirtznv.com\/fr\/les-residences-rheinblick-a-bonn-de-sont-en-voie-dachevement\/"},"author":{"name":"dxv_webmaster","@id":"https:\/\/wirtznv.com\/fr\/#\/schema\/person\/238ae8b6d8292a0cce4aba73db1f4de7"},"headline":"Les r\u00e9sidences Rheinblick \u00e0 Bonn (DE) sont en voie d&rsquo;ach\u00e8vement","datePublished":"2018-06-18T09:33:08+00:00","dateModified":"2024-02-28T07:25:25+00:00","mainEntityOfPage":{"@id":"https:\/\/wirtznv.com\/fr\/les-residences-rheinblick-a-bonn-de-sont-en-voie-dachevement\/"},"wordCount":123,"publisher":{"@id":"https:\/\/wirtznv.com\/fr\/#organization"},"image":{"@id":"https:\/\/wirtznv.com\/fr\/les-residences-rheinblick-a-bonn-de-sont-en-voie-dachevement\/#primaryimage"},"thumbnailUrl":"https:\/\/wirtznv.com\/wp-content\/uploads\/2018\/06\/News-Rheinblick-Residences-In-Bonn-DE-Approach-Completion.jpg","articleSection":["Non classifi\u00e9(e)"],"inLanguage":"fr-FR"},{"@type":"WebPage","@id":"https:\/\/wirtznv.com\/fr\/les-residences-rheinblick-a-bonn-de-sont-en-voie-dachevement\/","url":"https:\/\/wirtznv.com\/fr\/les-residences-rheinblick-a-bonn-de-sont-en-voie-dachevement\/","name":"R\u00e9sidences Rheinblick \u00e0 Bonn | Wirtz Architectes paysagistes internationaux","isPartOf":{"@id":"https:\/\/wirtznv.com\/fr\/#website"},"primaryImageOfPage":{"@id":"https:\/\/wirtznv.com\/fr\/les-residences-rheinblick-a-bonn-de-sont-en-voie-dachevement\/#primaryimage"},"image":{"@id":"https:\/\/wirtznv.com\/fr\/les-residences-rheinblick-a-bonn-de-sont-en-voie-dachevement\/#primaryimage"},"thumbnailUrl":"https:\/\/wirtznv.com\/wp-content\/uploads\/2018\/06\/News-Rheinblick-Residences-In-Bonn-DE-Approach-Completion.jpg","datePublished":"2018-06-18T09:33:08+00:00","dateModified":"2024-02-28T07:25:25+00:00","description":"L'am\u00e9nagement paysager des r\u00e9sidences Rheinblick \u00e0 Bonn est en voie d'ach\u00e8vement. Nous travaillons actuellement sur les phases finales.","breadcrumb":{"@id":"https:\/\/wirtznv.com\/fr\/les-residences-rheinblick-a-bonn-de-sont-en-voie-dachevement\/#breadcrumb"},"inLanguage":"fr-FR","potentialAction":[{"@type":"ReadAction","target":["https:\/\/wirtznv.com\/fr\/les-residences-rheinblick-a-bonn-de-sont-en-voie-dachevement\/"]}]},{"@type":"ImageObject","inLanguage":"fr-FR","@id":"https:\/\/wirtznv.com\/fr\/les-residences-rheinblick-a-bonn-de-sont-en-voie-dachevement\/#primaryimage","url":"https:\/\/wirtznv.com\/wp-content\/uploads\/2018\/06\/News-Rheinblick-Residences-In-Bonn-DE-Approach-Completion.jpg","contentUrl":"https:\/\/wirtznv.com\/wp-content\/uploads\/2018\/06\/News-Rheinblick-Residences-In-Bonn-DE-Approach-Completion.jpg","width":2000,"height":1125},{"@type":"BreadcrumbList","@id":"https:\/\/wirtznv.com\/fr\/les-residences-rheinblick-a-bonn-de-sont-en-voie-dachevement\/#breadcrumb","itemListElement":[{"@type":"ListItem","position":1,"name":"Home","item":"https:\/\/wirtznv.com\/fr\/"},{"@type":"ListItem","position":2,"name":"Les r\u00e9sidences Rheinblick \u00e0 Bonn (DE) sont en voie d&#8217;ach\u00e8vement"}]},{"@type":"WebSite","@id":"https:\/\/wirtznv.com\/fr\/#website","url":"https:\/\/wirtznv.com\/fr\/","name":"Wirtz NV","description":"","publisher":{"@id":"https:\/\/wirtznv.com\/fr\/#organization"},"potentialAction":[{"@type":"SearchAction","target":{"@type":"EntryPoint","urlTemplate":"https:\/\/wirtznv.com\/fr\/?s={search_term_string}"},"query-input":{"@type":"PropertyValueSpecification","valueRequired":true,"valueName":"search_term_string"}}],"inLanguage":"fr-FR"},{"@type":"Organization","@id":"https:\/\/wirtznv.com\/fr\/#organization","name":"Wirtz NV","url":"https:\/\/wirtznv.com\/fr\/","logo":{"@type":"ImageObject","inLanguage":"fr-FR","@id":"https:\/\/wirtznv.com\/fr\/#\/schema\/logo\/image\/","url":"https:\/\/mk0wirtznvw3r6n59kw4.kinstacdn.com\/wp-content\/uploads\/2021\/03\/logo_header@2x-1.png","contentUrl":"https:\/\/mk0wirtznvw3r6n59kw4.kinstacdn.com\/wp-content\/uploads\/2021\/03\/logo_header@2x-1.png","width":177,"height":161,"caption":"Wirtz NV"},"image":{"@id":"https:\/\/wirtznv.com\/fr\/#\/schema\/logo\/image\/"}},{"@type":"Person","@id":"https:\/\/wirtznv.com\/fr\/#\/schema\/person\/238ae8b6d8292a0cce4aba73db1f4de7","name":"dxv_webmaster","image":{"@type":"ImageObject","inLanguage":"fr-FR","@id":"https:\/\/secure.gravatar.com\/avatar\/4ac4d7ab1873815315009d11c27ceb03fab8cfaa9cacc1396d8c439780e46067?s=96&d=mm&r=g","url":"https:\/\/secure.gravatar.com\/avatar\/4ac4d7ab1873815315009d11c27ceb03fab8cfaa9cacc1396d8c439780e46067?s=96&d=mm&r=g","contentUrl":"https:\/\/secure.gravatar.com\/avatar\/4ac4d7ab1873815315009d11c27ceb03fab8cfaa9cacc1396d8c439780e46067?s=96&d=mm&r=g","caption":"dxv_webmaster"},"sameAs":["https:\/\/wirtznv.com"],"url":"https:\/\/wirtznv.com\/fr\/author\/dxv_webmaster\/"}]}},"_links":{"self":[{"href":"https:\/\/wirtznv.com\/fr\/wp-json\/wp\/v2\/posts\/6804","targetHints":{"allow":["GET"]}}],"collection":[{"href":"https:\/\/wirtznv.com\/fr\/wp-json\/wp\/v2\/posts"}],"about":[{"href":"https:\/\/wirtznv.com\/fr\/wp-json\/wp\/v2\/types\/post"}],"author":[{"embeddable":true,"href":"https:\/\/wirtznv.com\/fr\/wp-json\/wp\/v2\/users\/1"}],"replies":[{"embeddable":true,"href":"https:\/\/wirtznv.com\/fr\/wp-json\/wp\/v2\/comments?post=6804"}],"version-history":[{"count":0,"href":"https:\/\/wirtznv.com\/fr\/wp-json\/wp\/v2\/posts\/6804\/revisions"}],"wp:featuredmedia":[{"embeddable":true,"href":"https:\/\/wirtznv.com\/fr\/wp-json\/wp\/v2\/media\/8265"}],"wp:attachment":[{"href":"https:\/\/wirtznv.com\/fr\/wp-json\/wp\/v2\/media?parent=6804"}],"wp:term":[{"taxonomy":"category","embeddable":true,"href":"https:\/\/wirtznv.com\/fr\/wp-json\/wp\/v2\/categories?post=6804"},{"taxonomy":"post_tag","embeddable":true,"href":"https:\/\/wirtznv.com\/fr\/wp-json\/wp\/v2\/tags?post=6804"}],"curies":[{"name":"wp","href":"https:\/\/api.w.org\/{rel}","templated":true}]}}