{"id":6780,"date":"2018-07-21T09:31:57","date_gmt":"2018-07-21T09:31:57","guid":{"rendered":"https:\/\/wirtznv.com\/jacques-wirtz-31-december-1924-%e2%80%a021-july-2018\/"},"modified":"2024-02-28T09:12:49","modified_gmt":"2024-02-28T07:12:49","slug":"jacques-wirtz-31-decembre-1924-%e2%80%a021-juillet-2018","status":"publish","type":"post","link":"https:\/\/wirtznv.com\/fr\/jacques-wirtz-31-decembre-1924-%e2%80%a021-juillet-2018\/","title":{"rendered":"Jacques Wirtz (\u00b031 d\u00e9cembre 1924 &#8211; \u202021 juillet 2018)"},"content":{"rendered":"<p>Le c\u00e9l\u00e8bre architecte paysagiste belge Jacques Wirtz est d\u00e9c\u00e9d\u00e9 le samedi 21 juillet \u00e0 l&rsquo;\u00e2ge de 93 ans. Il a \u00e9tudi\u00e9 l&rsquo;architecture paysag\u00e8re et l&rsquo;horticulture \u00e0 l&rsquo;\u00c9cole d&rsquo;horticulture de Vilvorde (BE) et a fond\u00e9 <a href=\"https:\/\/wirtznv.com\/fr\/a-propos-de-nous\/\">Wirtz Tuinarchitectuur<\/a> et Wirtz International respectivement en 1957 et 1989.<\/p>\n<p>Il s&rsquo;est fait conna\u00eetre en remportant le concours pour le Pavillon belge \u00e0 l&rsquo;Exposition universelle d&rsquo;Osaka en 1970, et pour avoir remport\u00e9 le concours pour le r\u00e9am\u00e9nagement des <a href=\"https:\/\/wirtznv.com\/fr\/projet\/les-jardins-du-carrousel-fr\/\">jardins du Carrousel,<\/a> qui relient le mus\u00e9e du Louvre \u00e0 Paris au jardin des Tuileries (1990-1995). D&rsquo;autres projets notables incluent sa refonte des jardins de l&rsquo;Elys\u00e9e pour le pr\u00e9sident fran\u00e7ais Mitterrand, <a href=\"https:\/\/wirtznv.com\/fr\/projet\/jubilee-park-londres-royaume-uni\/\">le Jubilee Park<\/a> \u00e0 Canary Wharf \u00e0 Londres (2002) et de nombreux <a href=\"https:\/\/wirtznv.com\/nl\/projecten\/prive-tuinen\/\">jardins priv\u00e9s de haute qualit\u00e9<\/a> en Europe, en Am\u00e9rique et au Japon.<\/p>\n<p>V\u00e9ritable virtuose dans l&rsquo;utilisation du mat\u00e9riel v\u00e9g\u00e9tal, ses \u0153uvres excellaient en se concentrant sur l&rsquo;exp\u00e9rience humaine, l&rsquo;atmosph\u00e8re et le caract\u00e8re v\u00e9g\u00e9tal. Toujours soutenues par une spatialisation et une structure forte. Il privil\u00e9giait les grands gestes avec une forte pr\u00e9sence sculpturale, de bons rythmes et la cr\u00e9ation d&rsquo;atmosph\u00e8res exaltantes.<\/p>\n<p>Un vrai romantique dans l&rsquo;\u00e2me. Toute sa vie, il a \u00e9t\u00e9 inspir\u00e9 et motiv\u00e9 par la musique, Bach, Bruckner, Chopin, Mahler, Wagner, Cesar Frank et bien d&rsquo;autres. Ses deux fils, Martin et Peter, qui l&rsquo;ont rejoint \u00e0 la fin des ann\u00e9es 1980, perp\u00e9tuent son activit\u00e9 et sa tradition.<\/p>\n<p>Son style libre et intuitif oscille entre formalit\u00e9 stricte et composition organique, souvent m\u00e9lang\u00e9e avec virtuosit\u00e9. Il existe de nombreux projets formels tels que <a href=\"https:\/\/wirtznv.com\/fr\/projet\/boulevard-du-roi-albert-ii\/\">le boulevard Albert II (Bruxelles, BE),<\/a> le jardin du monast\u00e8re de l&rsquo;abbaye cistercienne d&rsquo;Hauterive (CH) ou les jardins du carrousel aux Tuileries (Paris, FR). Parmi les projets organiques, on peut citer son bien-aim\u00e9 parc Bremweide (Deurne, BE), <a href=\"https:\/\/wirtznv.com\/fr\/projet\/musee-prive-t-kristallijn\/\">le mus\u00e9e priv\u00e9 &lsquo;t Kristallijn (Mol-Rauw, BE)<\/a> et le puissant campus de<a href=\"https:\/\/wirtznv.com\/fr\/projet\/universite-danvers-campus-wilrijk\/\"> l&rsquo;Universit\u00e9 d&rsquo;Anvers UA (Wilrijk, BE)<\/a>.<\/p>\n<p>Parmi les projets les plus connus ouverts aux visiteurs, citons le <a href=\"https:\/\/wirtznv.com\/fr\/projet\/ernstings-family-campus\/\">campus familial d&rsquo;Ernsting (Coesfeld, DE)<\/a>,<a href=\"https:\/\/wirtznv.com\/fr\/projet\/alnwick-garden-royaume-uni\/\"> le jardin d&rsquo;Alnwick (Alnwick, GB), la fl\u00e8che de Varsovie (Varsovie, PL)<\/a>, le parc Cogels (Schoten, BE) et le mus\u00e9e priv\u00e9 &lsquo;t Kristallijn (Mol -Rauw, BE).<\/p>\n","protected":false},"excerpt":{"rendered":"<p>Le c\u00e9l\u00e8bre architecte paysagiste belge Jacques Wirtz est d\u00e9c\u00e9d\u00e9 le samedi 21 juillet \u00e0 l&rsquo;\u00e2ge de 93 ans. Il a \u00e9tudi\u00e9 l&rsquo;architecture paysag\u00e8re et l&rsquo;horticulture \u00e0 l&rsquo;\u00c9cole d&rsquo;horticulture de Vilvorde (BE) et a fond\u00e9 Wirtz Tuinarchitectuur et Wirtz International respectivement [&hellip;]<\/p>\n","protected":false},"author":1,"featured_media":8193,"comment_status":"closed","ping_status":"open","sticky":false,"template":"","format":"standard","meta":{"_acf_changed":false,"footnotes":""},"categories":[4],"tags":[],"class_list":["post-6780","post","type-post","status-publish","format-standard","has-post-thumbnail","hentry","category-non-classifiee"],"acf":[],"yoast_head":"<!-- This site is optimized with the Yoast SEO plugin v27.4 - https:\/\/yoast.com\/product\/yoast-seo-wordpress\/ -->\n<title>Jacques Wirtz est d\u00e9c\u00e9d\u00e9 | Wirtz Architectes paysagistes internationaux<\/title>\n<meta name=\"description\" content=\"Le c\u00e9l\u00e8bre paysagiste belge Jacques Wirtz est d\u00e9c\u00e9d\u00e9 le samedi 21 juillet 2018, \u00e0 l&#039;\u00e2ge de 93 ans.\" \/>\n<meta name=\"robots\" content=\"index, follow, max-snippet:-1, max-image-preview:large, max-video-preview:-1\" \/>\n<link rel=\"canonical\" href=\"https:\/\/wirtznv.com\/fr\/jacques-wirtz-31-decembre-1924-%e2%80%a021-juillet-2018\/\" \/>\n<meta property=\"og:locale\" content=\"fr_FR\" \/>\n<meta property=\"og:type\" content=\"article\" \/>\n<meta property=\"og:title\" content=\"Jacques Wirtz est d\u00e9c\u00e9d\u00e9 | Wirtz Architectes paysagistes internationaux\" \/>\n<meta property=\"og:description\" content=\"Le c\u00e9l\u00e8bre paysagiste belge Jacques Wirtz est d\u00e9c\u00e9d\u00e9 le samedi 21 juillet 2018, \u00e0 l&#039;\u00e2ge de 93 ans.\" \/>\n<meta property=\"og:url\" content=\"https:\/\/wirtznv.com\/fr\/jacques-wirtz-31-decembre-1924-%e2%80%a021-juillet-2018\/\" \/>\n<meta property=\"og:site_name\" content=\"Wirtz NV\" \/>\n<meta property=\"article:published_time\" content=\"2018-07-21T09:31:57+00:00\" \/>\n<meta property=\"article:modified_time\" content=\"2024-02-28T07:12:49+00:00\" \/>\n<meta property=\"og:image\" content=\"https:\/\/wirtznv.com\/wp-content\/uploads\/2018\/07\/News-Jacques-Wirtz-\u00b031-December-1924-\u2013-\u202021-July-2018.jpg\" \/>\n\t<meta property=\"og:image:width\" content=\"2000\" \/>\n\t<meta property=\"og:image:height\" content=\"1333\" \/>\n\t<meta property=\"og:image:type\" content=\"image\/jpeg\" \/>\n<meta name=\"author\" content=\"dxv_webmaster\" \/>\n<meta name=\"twitter:card\" content=\"summary_large_image\" \/>\n<meta name=\"twitter:label1\" content=\"\u00c9crit par\" \/>\n\t<meta name=\"twitter:data1\" content=\"dxv_webmaster\" \/>\n\t<meta name=\"twitter:label2\" content=\"Dur\u00e9e de lecture estim\u00e9e\" \/>\n\t<meta name=\"twitter:data2\" content=\"2 minutes\" \/>\n<script type=\"application\/ld+json\" class=\"yoast-schema-graph\">{\"@context\":\"https:\\\/\\\/schema.org\",\"@graph\":[{\"@type\":\"Article\",\"@id\":\"https:\\\/\\\/wirtznv.com\\\/fr\\\/jacques-wirtz-31-decembre-1924-%e2%80%a021-juillet-2018\\\/#article\",\"isPartOf\":{\"@id\":\"https:\\\/\\\/wirtznv.com\\\/fr\\\/jacques-wirtz-31-decembre-1924-%e2%80%a021-juillet-2018\\\/\"},\"author\":{\"name\":\"dxv_webmaster\",\"@id\":\"https:\\\/\\\/wirtznv.com\\\/fr\\\/#\\\/schema\\\/person\\\/238ae8b6d8292a0cce4aba73db1f4de7\"},\"headline\":\"Jacques Wirtz (\u00b031 d\u00e9cembre 1924 &#8211; \u202021 juillet 2018)\",\"datePublished\":\"2018-07-21T09:31:57+00:00\",\"dateModified\":\"2024-02-28T07:12:49+00:00\",\"mainEntityOfPage\":{\"@id\":\"https:\\\/\\\/wirtznv.com\\\/fr\\\/jacques-wirtz-31-decembre-1924-%e2%80%a021-juillet-2018\\\/\"},\"wordCount\":392,\"publisher\":{\"@id\":\"https:\\\/\\\/wirtznv.com\\\/fr\\\/#organization\"},\"image\":{\"@id\":\"https:\\\/\\\/wirtznv.com\\\/fr\\\/jacques-wirtz-31-decembre-1924-%e2%80%a021-juillet-2018\\\/#primaryimage\"},\"thumbnailUrl\":\"https:\\\/\\\/wirtznv.com\\\/wp-content\\\/uploads\\\/2018\\\/07\\\/News-Jacques-Wirtz-\u00b031-December-1924-\u2013-\u202021-July-2018.jpg\",\"articleSection\":[\"Non classifi\u00e9(e)\"],\"inLanguage\":\"fr-FR\"},{\"@type\":\"WebPage\",\"@id\":\"https:\\\/\\\/wirtznv.com\\\/fr\\\/jacques-wirtz-31-decembre-1924-%e2%80%a021-juillet-2018\\\/\",\"url\":\"https:\\\/\\\/wirtznv.com\\\/fr\\\/jacques-wirtz-31-decembre-1924-%e2%80%a021-juillet-2018\\\/\",\"name\":\"Jacques Wirtz est d\u00e9c\u00e9d\u00e9 | Wirtz Architectes paysagistes internationaux\",\"isPartOf\":{\"@id\":\"https:\\\/\\\/wirtznv.com\\\/fr\\\/#website\"},\"primaryImageOfPage\":{\"@id\":\"https:\\\/\\\/wirtznv.com\\\/fr\\\/jacques-wirtz-31-decembre-1924-%e2%80%a021-juillet-2018\\\/#primaryimage\"},\"image\":{\"@id\":\"https:\\\/\\\/wirtznv.com\\\/fr\\\/jacques-wirtz-31-decembre-1924-%e2%80%a021-juillet-2018\\\/#primaryimage\"},\"thumbnailUrl\":\"https:\\\/\\\/wirtznv.com\\\/wp-content\\\/uploads\\\/2018\\\/07\\\/News-Jacques-Wirtz-\u00b031-December-1924-\u2013-\u202021-July-2018.jpg\",\"datePublished\":\"2018-07-21T09:31:57+00:00\",\"dateModified\":\"2024-02-28T07:12:49+00:00\",\"description\":\"Le c\u00e9l\u00e8bre paysagiste belge Jacques Wirtz est d\u00e9c\u00e9d\u00e9 le samedi 21 juillet 2018, \u00e0 l'\u00e2ge de 93 ans.\",\"breadcrumb\":{\"@id\":\"https:\\\/\\\/wirtznv.com\\\/fr\\\/jacques-wirtz-31-decembre-1924-%e2%80%a021-juillet-2018\\\/#breadcrumb\"},\"inLanguage\":\"fr-FR\",\"potentialAction\":[{\"@type\":\"ReadAction\",\"target\":[\"https:\\\/\\\/wirtznv.com\\\/fr\\\/jacques-wirtz-31-decembre-1924-%e2%80%a021-juillet-2018\\\/\"]}]},{\"@type\":\"ImageObject\",\"inLanguage\":\"fr-FR\",\"@id\":\"https:\\\/\\\/wirtznv.com\\\/fr\\\/jacques-wirtz-31-decembre-1924-%e2%80%a021-juillet-2018\\\/#primaryimage\",\"url\":\"https:\\\/\\\/wirtznv.com\\\/wp-content\\\/uploads\\\/2018\\\/07\\\/News-Jacques-Wirtz-\u00b031-December-1924-\u2013-\u202021-July-2018.jpg\",\"contentUrl\":\"https:\\\/\\\/wirtznv.com\\\/wp-content\\\/uploads\\\/2018\\\/07\\\/News-Jacques-Wirtz-\u00b031-December-1924-\u2013-\u202021-July-2018.jpg\",\"width\":2000,\"height\":1333},{\"@type\":\"BreadcrumbList\",\"@id\":\"https:\\\/\\\/wirtznv.com\\\/fr\\\/jacques-wirtz-31-decembre-1924-%e2%80%a021-juillet-2018\\\/#breadcrumb\",\"itemListElement\":[{\"@type\":\"ListItem\",\"position\":1,\"name\":\"Home\",\"item\":\"https:\\\/\\\/wirtznv.com\\\/fr\\\/\"},{\"@type\":\"ListItem\",\"position\":2,\"name\":\"Jacques Wirtz (\u00b031 d\u00e9cembre 1924 &#8211; \u202021 juillet 2018)\"}]},{\"@type\":\"WebSite\",\"@id\":\"https:\\\/\\\/wirtznv.com\\\/fr\\\/#website\",\"url\":\"https:\\\/\\\/wirtznv.com\\\/fr\\\/\",\"name\":\"Wirtz NV\",\"description\":\"\",\"publisher\":{\"@id\":\"https:\\\/\\\/wirtznv.com\\\/fr\\\/#organization\"},\"potentialAction\":[{\"@type\":\"SearchAction\",\"target\":{\"@type\":\"EntryPoint\",\"urlTemplate\":\"https:\\\/\\\/wirtznv.com\\\/fr\\\/?s={search_term_string}\"},\"query-input\":{\"@type\":\"PropertyValueSpecification\",\"valueRequired\":true,\"valueName\":\"search_term_string\"}}],\"inLanguage\":\"fr-FR\"},{\"@type\":\"Organization\",\"@id\":\"https:\\\/\\\/wirtznv.com\\\/fr\\\/#organization\",\"name\":\"Wirtz NV\",\"url\":\"https:\\\/\\\/wirtznv.com\\\/fr\\\/\",\"logo\":{\"@type\":\"ImageObject\",\"inLanguage\":\"fr-FR\",\"@id\":\"https:\\\/\\\/wirtznv.com\\\/fr\\\/#\\\/schema\\\/logo\\\/image\\\/\",\"url\":\"https:\\\/\\\/mk0wirtznvw3r6n59kw4.kinstacdn.com\\\/wp-content\\\/uploads\\\/2021\\\/03\\\/logo_header@2x-1.png\",\"contentUrl\":\"https:\\\/\\\/mk0wirtznvw3r6n59kw4.kinstacdn.com\\\/wp-content\\\/uploads\\\/2021\\\/03\\\/logo_header@2x-1.png\",\"width\":177,\"height\":161,\"caption\":\"Wirtz NV\"},\"image\":{\"@id\":\"https:\\\/\\\/wirtznv.com\\\/fr\\\/#\\\/schema\\\/logo\\\/image\\\/\"}},{\"@type\":\"Person\",\"@id\":\"https:\\\/\\\/wirtznv.com\\\/fr\\\/#\\\/schema\\\/person\\\/238ae8b6d8292a0cce4aba73db1f4de7\",\"name\":\"dxv_webmaster\",\"image\":{\"@type\":\"ImageObject\",\"inLanguage\":\"fr-FR\",\"@id\":\"https:\\\/\\\/secure.gravatar.com\\\/avatar\\\/4ac4d7ab1873815315009d11c27ceb03fab8cfaa9cacc1396d8c439780e46067?s=96&d=mm&r=g\",\"url\":\"https:\\\/\\\/secure.gravatar.com\\\/avatar\\\/4ac4d7ab1873815315009d11c27ceb03fab8cfaa9cacc1396d8c439780e46067?s=96&d=mm&r=g\",\"contentUrl\":\"https:\\\/\\\/secure.gravatar.com\\\/avatar\\\/4ac4d7ab1873815315009d11c27ceb03fab8cfaa9cacc1396d8c439780e46067?s=96&d=mm&r=g\",\"caption\":\"dxv_webmaster\"},\"sameAs\":[\"https:\\\/\\\/wirtznv.com\"],\"url\":\"https:\\\/\\\/wirtznv.com\\\/fr\\\/author\\\/dxv_webmaster\\\/\"}]}<\/script>\n<!-- \/ Yoast SEO plugin. -->","yoast_head_json":{"title":"Jacques Wirtz est d\u00e9c\u00e9d\u00e9 | Wirtz Architectes paysagistes internationaux","description":"Le c\u00e9l\u00e8bre paysagiste belge Jacques Wirtz est d\u00e9c\u00e9d\u00e9 le samedi 21 juillet 2018, \u00e0 l'\u00e2ge de 93 ans.","robots":{"index":"index","follow":"follow","max-snippet":"max-snippet:-1","max-image-preview":"max-image-preview:large","max-video-preview":"max-video-preview:-1"},"canonical":"https:\/\/wirtznv.com\/fr\/jacques-wirtz-31-decembre-1924-%e2%80%a021-juillet-2018\/","og_locale":"fr_FR","og_type":"article","og_title":"Jacques Wirtz est d\u00e9c\u00e9d\u00e9 | Wirtz Architectes paysagistes internationaux","og_description":"Le c\u00e9l\u00e8bre paysagiste belge Jacques Wirtz est d\u00e9c\u00e9d\u00e9 le samedi 21 juillet 2018, \u00e0 l'\u00e2ge de 93 ans.","og_url":"https:\/\/wirtznv.com\/fr\/jacques-wirtz-31-decembre-1924-%e2%80%a021-juillet-2018\/","og_site_name":"Wirtz NV","article_published_time":"2018-07-21T09:31:57+00:00","article_modified_time":"2024-02-28T07:12:49+00:00","og_image":[{"width":2000,"height":1333,"url":"https:\/\/wirtznv.com\/wp-content\/uploads\/2018\/07\/News-Jacques-Wirtz-\u00b031-December-1924-\u2013-\u202021-July-2018.jpg","type":"image\/jpeg"}],"author":"dxv_webmaster","twitter_card":"summary_large_image","twitter_misc":{"\u00c9crit par":"dxv_webmaster","Dur\u00e9e de lecture estim\u00e9e":"2 minutes"},"schema":{"@context":"https:\/\/schema.org","@graph":[{"@type":"Article","@id":"https:\/\/wirtznv.com\/fr\/jacques-wirtz-31-decembre-1924-%e2%80%a021-juillet-2018\/#article","isPartOf":{"@id":"https:\/\/wirtznv.com\/fr\/jacques-wirtz-31-decembre-1924-%e2%80%a021-juillet-2018\/"},"author":{"name":"dxv_webmaster","@id":"https:\/\/wirtznv.com\/fr\/#\/schema\/person\/238ae8b6d8292a0cce4aba73db1f4de7"},"headline":"Jacques Wirtz (\u00b031 d\u00e9cembre 1924 &#8211; \u202021 juillet 2018)","datePublished":"2018-07-21T09:31:57+00:00","dateModified":"2024-02-28T07:12:49+00:00","mainEntityOfPage":{"@id":"https:\/\/wirtznv.com\/fr\/jacques-wirtz-31-decembre-1924-%e2%80%a021-juillet-2018\/"},"wordCount":392,"publisher":{"@id":"https:\/\/wirtznv.com\/fr\/#organization"},"image":{"@id":"https:\/\/wirtznv.com\/fr\/jacques-wirtz-31-decembre-1924-%e2%80%a021-juillet-2018\/#primaryimage"},"thumbnailUrl":"https:\/\/wirtznv.com\/wp-content\/uploads\/2018\/07\/News-Jacques-Wirtz-\u00b031-December-1924-\u2013-\u202021-July-2018.jpg","articleSection":["Non classifi\u00e9(e)"],"inLanguage":"fr-FR"},{"@type":"WebPage","@id":"https:\/\/wirtznv.com\/fr\/jacques-wirtz-31-decembre-1924-%e2%80%a021-juillet-2018\/","url":"https:\/\/wirtznv.com\/fr\/jacques-wirtz-31-decembre-1924-%e2%80%a021-juillet-2018\/","name":"Jacques Wirtz est d\u00e9c\u00e9d\u00e9 | Wirtz Architectes paysagistes internationaux","isPartOf":{"@id":"https:\/\/wirtznv.com\/fr\/#website"},"primaryImageOfPage":{"@id":"https:\/\/wirtznv.com\/fr\/jacques-wirtz-31-decembre-1924-%e2%80%a021-juillet-2018\/#primaryimage"},"image":{"@id":"https:\/\/wirtznv.com\/fr\/jacques-wirtz-31-decembre-1924-%e2%80%a021-juillet-2018\/#primaryimage"},"thumbnailUrl":"https:\/\/wirtznv.com\/wp-content\/uploads\/2018\/07\/News-Jacques-Wirtz-\u00b031-December-1924-\u2013-\u202021-July-2018.jpg","datePublished":"2018-07-21T09:31:57+00:00","dateModified":"2024-02-28T07:12:49+00:00","description":"Le c\u00e9l\u00e8bre paysagiste belge Jacques Wirtz est d\u00e9c\u00e9d\u00e9 le samedi 21 juillet 2018, \u00e0 l'\u00e2ge de 93 ans.","breadcrumb":{"@id":"https:\/\/wirtznv.com\/fr\/jacques-wirtz-31-decembre-1924-%e2%80%a021-juillet-2018\/#breadcrumb"},"inLanguage":"fr-FR","potentialAction":[{"@type":"ReadAction","target":["https:\/\/wirtznv.com\/fr\/jacques-wirtz-31-decembre-1924-%e2%80%a021-juillet-2018\/"]}]},{"@type":"ImageObject","inLanguage":"fr-FR","@id":"https:\/\/wirtznv.com\/fr\/jacques-wirtz-31-decembre-1924-%e2%80%a021-juillet-2018\/#primaryimage","url":"https:\/\/wirtznv.com\/wp-content\/uploads\/2018\/07\/News-Jacques-Wirtz-\u00b031-December-1924-\u2013-\u202021-July-2018.jpg","contentUrl":"https:\/\/wirtznv.com\/wp-content\/uploads\/2018\/07\/News-Jacques-Wirtz-\u00b031-December-1924-\u2013-\u202021-July-2018.jpg","width":2000,"height":1333},{"@type":"BreadcrumbList","@id":"https:\/\/wirtznv.com\/fr\/jacques-wirtz-31-decembre-1924-%e2%80%a021-juillet-2018\/#breadcrumb","itemListElement":[{"@type":"ListItem","position":1,"name":"Home","item":"https:\/\/wirtznv.com\/fr\/"},{"@type":"ListItem","position":2,"name":"Jacques Wirtz (\u00b031 d\u00e9cembre 1924 &#8211; \u202021 juillet 2018)"}]},{"@type":"WebSite","@id":"https:\/\/wirtznv.com\/fr\/#website","url":"https:\/\/wirtznv.com\/fr\/","name":"Wirtz NV","description":"","publisher":{"@id":"https:\/\/wirtznv.com\/fr\/#organization"},"potentialAction":[{"@type":"SearchAction","target":{"@type":"EntryPoint","urlTemplate":"https:\/\/wirtznv.com\/fr\/?s={search_term_string}"},"query-input":{"@type":"PropertyValueSpecification","valueRequired":true,"valueName":"search_term_string"}}],"inLanguage":"fr-FR"},{"@type":"Organization","@id":"https:\/\/wirtznv.com\/fr\/#organization","name":"Wirtz NV","url":"https:\/\/wirtznv.com\/fr\/","logo":{"@type":"ImageObject","inLanguage":"fr-FR","@id":"https:\/\/wirtznv.com\/fr\/#\/schema\/logo\/image\/","url":"https:\/\/mk0wirtznvw3r6n59kw4.kinstacdn.com\/wp-content\/uploads\/2021\/03\/logo_header@2x-1.png","contentUrl":"https:\/\/mk0wirtznvw3r6n59kw4.kinstacdn.com\/wp-content\/uploads\/2021\/03\/logo_header@2x-1.png","width":177,"height":161,"caption":"Wirtz NV"},"image":{"@id":"https:\/\/wirtznv.com\/fr\/#\/schema\/logo\/image\/"}},{"@type":"Person","@id":"https:\/\/wirtznv.com\/fr\/#\/schema\/person\/238ae8b6d8292a0cce4aba73db1f4de7","name":"dxv_webmaster","image":{"@type":"ImageObject","inLanguage":"fr-FR","@id":"https:\/\/secure.gravatar.com\/avatar\/4ac4d7ab1873815315009d11c27ceb03fab8cfaa9cacc1396d8c439780e46067?s=96&d=mm&r=g","url":"https:\/\/secure.gravatar.com\/avatar\/4ac4d7ab1873815315009d11c27ceb03fab8cfaa9cacc1396d8c439780e46067?s=96&d=mm&r=g","contentUrl":"https:\/\/secure.gravatar.com\/avatar\/4ac4d7ab1873815315009d11c27ceb03fab8cfaa9cacc1396d8c439780e46067?s=96&d=mm&r=g","caption":"dxv_webmaster"},"sameAs":["https:\/\/wirtznv.com"],"url":"https:\/\/wirtznv.com\/fr\/author\/dxv_webmaster\/"}]}},"_links":{"self":[{"href":"https:\/\/wirtznv.com\/fr\/wp-json\/wp\/v2\/posts\/6780","targetHints":{"allow":["GET"]}}],"collection":[{"href":"https:\/\/wirtznv.com\/fr\/wp-json\/wp\/v2\/posts"}],"about":[{"href":"https:\/\/wirtznv.com\/fr\/wp-json\/wp\/v2\/types\/post"}],"author":[{"embeddable":true,"href":"https:\/\/wirtznv.com\/fr\/wp-json\/wp\/v2\/users\/1"}],"replies":[{"embeddable":true,"href":"https:\/\/wirtznv.com\/fr\/wp-json\/wp\/v2\/comments?post=6780"}],"version-history":[{"count":0,"href":"https:\/\/wirtznv.com\/fr\/wp-json\/wp\/v2\/posts\/6780\/revisions"}],"wp:featuredmedia":[{"embeddable":true,"href":"https:\/\/wirtznv.com\/fr\/wp-json\/wp\/v2\/media\/8193"}],"wp:attachment":[{"href":"https:\/\/wirtznv.com\/fr\/wp-json\/wp\/v2\/media?parent=6780"}],"wp:term":[{"taxonomy":"category","embeddable":true,"href":"https:\/\/wirtznv.com\/fr\/wp-json\/wp\/v2\/categories?post=6780"},{"taxonomy":"post_tag","embeddable":true,"href":"https:\/\/wirtznv.com\/fr\/wp-json\/wp\/v2\/tags?post=6780"}],"curies":[{"name":"wp","href":"https:\/\/api.w.org\/{rel}","templated":true}]}}