{"id":6768,"date":"2018-12-14T09:30:06","date_gmt":"2018-12-14T09:30:06","guid":{"rendered":"https:\/\/wirtznv.com\/landscape-construction-in-progress-private-garden-czech-republic\/"},"modified":"2024-02-13T10:20:28","modified_gmt":"2024-02-13T08:20:28","slug":"extension-dun-jardin-existant-en-republique-tcheque","status":"publish","type":"post","link":"https:\/\/wirtznv.com\/fr\/extension-dun-jardin-existant-en-republique-tcheque\/","title":{"rendered":"Extension d&rsquo;un jardin existant en R\u00e9publique tch\u00e8que"},"content":{"rendered":"<p>Nous travaillons actuellement \u00e0 l&rsquo;extension d&rsquo;un jardin Wirtz existant en R\u00e9publique tch\u00e8que. Au cours de la derni\u00e8re semaine de novembre, un grand <strong>nombre de s\u00e9quoiadendrons<\/strong> ont \u00e9t\u00e9 plant\u00e9s. Ces arbres pyramidaux \u00e0 feuilles persistantes pesaient plus de 15.000 kg et ont \u00e9t\u00e9 transport\u00e9s depuis une p\u00e9pini\u00e8re des Pays-Bas. En Europe, les arbres peuvent atteindre une hauteur de 30 \u00e0 50 m avec un diam\u00e8tre de couronne d&rsquo;environ 8 \u00e0 9 m. Les arbres Sequoiadendron bloqueront la vue des voisins depuis le jardin et apporteront l&rsquo;intimit\u00e9, l&rsquo;\u00e9cran et la protection contre le vent souhait\u00e9s.<\/p>\n<p>&nbsp;<\/p>\n<p><strong>L&rsquo;agrandissement du jardin<\/strong> sera achev\u00e9 au d\u00e9but du printemps 2019.<\/p>\n","protected":false},"excerpt":{"rendered":"<p>Nous travaillons actuellement \u00e0 l&rsquo;extension d&rsquo;un jardin Wirtz existant en R\u00e9publique tch\u00e8que. Au cours de la derni\u00e8re semaine de novembre, un grand nombre de s\u00e9quoiadendrons ont \u00e9t\u00e9 plant\u00e9s. Ces arbres pyramidaux \u00e0 feuilles persistantes pesaient plus de 15.000 kg et [&hellip;]<\/p>\n","protected":false},"author":1,"featured_media":8213,"comment_status":"closed","ping_status":"open","sticky":false,"template":"","format":"standard","meta":{"_acf_changed":false,"footnotes":""},"categories":[4],"tags":[],"class_list":["post-6768","post","type-post","status-publish","format-standard","has-post-thumbnail","hentry","category-non-classifiee"],"acf":[],"yoast_head":"<!-- This site is optimized with the Yoast SEO plugin v27.4 - https:\/\/yoast.com\/product\/yoast-seo-wordpress\/ -->\n<title>Agrandissement du jardin | Wirtz Architectes paysagistes internationaux<\/title>\n<meta name=\"description\" content=\"Nous travaillons \u00e0 l&#039;agrandissement d&#039;un jardin Wirtz existant. Un grand nombre d&#039;arbres ont \u00e9t\u00e9 plant\u00e9s au cours de la derni\u00e8re semaine de novembre.\" \/>\n<meta name=\"robots\" content=\"index, follow, max-snippet:-1, max-image-preview:large, max-video-preview:-1\" \/>\n<link rel=\"canonical\" href=\"https:\/\/wirtznv.com\/fr\/extension-dun-jardin-existant-en-republique-tcheque\/\" \/>\n<meta property=\"og:locale\" content=\"fr_FR\" \/>\n<meta property=\"og:type\" content=\"article\" \/>\n<meta property=\"og:title\" content=\"Agrandissement du jardin | Wirtz Architectes paysagistes internationaux\" \/>\n<meta property=\"og:description\" content=\"Nous travaillons \u00e0 l&#039;agrandissement d&#039;un jardin Wirtz existant. Un grand nombre d&#039;arbres ont \u00e9t\u00e9 plant\u00e9s au cours de la derni\u00e8re semaine de novembre.\" \/>\n<meta property=\"og:url\" content=\"https:\/\/wirtznv.com\/fr\/extension-dun-jardin-existant-en-republique-tcheque\/\" \/>\n<meta property=\"og:site_name\" content=\"Wirtz NV\" \/>\n<meta property=\"article:published_time\" content=\"2018-12-14T09:30:06+00:00\" \/>\n<meta property=\"article:modified_time\" content=\"2024-02-13T08:20:28+00:00\" \/>\n<meta property=\"og:image\" content=\"https:\/\/wirtznv.com\/wp-content\/uploads\/2018\/12\/News-Landscape-Construction-In-Progress-Private-Garden-Czech-Republic.jpg\" \/>\n\t<meta property=\"og:image:width\" content=\"2000\" \/>\n\t<meta property=\"og:image:height\" content=\"1400\" \/>\n\t<meta property=\"og:image:type\" content=\"image\/jpeg\" \/>\n<meta name=\"author\" content=\"dxv_webmaster\" \/>\n<meta name=\"twitter:card\" content=\"summary_large_image\" \/>\n<meta name=\"twitter:label1\" content=\"\u00c9crit par\" \/>\n\t<meta name=\"twitter:data1\" content=\"dxv_webmaster\" \/>\n\t<meta name=\"twitter:label2\" content=\"Dur\u00e9e de lecture estim\u00e9e\" \/>\n\t<meta name=\"twitter:data2\" content=\"1 minute\" \/>\n<script type=\"application\/ld+json\" class=\"yoast-schema-graph\">{\"@context\":\"https:\\\/\\\/schema.org\",\"@graph\":[{\"@type\":\"Article\",\"@id\":\"https:\\\/\\\/wirtznv.com\\\/fr\\\/extension-dun-jardin-existant-en-republique-tcheque\\\/#article\",\"isPartOf\":{\"@id\":\"https:\\\/\\\/wirtznv.com\\\/fr\\\/extension-dun-jardin-existant-en-republique-tcheque\\\/\"},\"author\":{\"name\":\"dxv_webmaster\",\"@id\":\"https:\\\/\\\/wirtznv.com\\\/fr\\\/#\\\/schema\\\/person\\\/238ae8b6d8292a0cce4aba73db1f4de7\"},\"headline\":\"Extension d&rsquo;un jardin existant en R\u00e9publique tch\u00e8que\",\"datePublished\":\"2018-12-14T09:30:06+00:00\",\"dateModified\":\"2024-02-13T08:20:28+00:00\",\"mainEntityOfPage\":{\"@id\":\"https:\\\/\\\/wirtznv.com\\\/fr\\\/extension-dun-jardin-existant-en-republique-tcheque\\\/\"},\"wordCount\":121,\"publisher\":{\"@id\":\"https:\\\/\\\/wirtznv.com\\\/fr\\\/#organization\"},\"image\":{\"@id\":\"https:\\\/\\\/wirtznv.com\\\/fr\\\/extension-dun-jardin-existant-en-republique-tcheque\\\/#primaryimage\"},\"thumbnailUrl\":\"https:\\\/\\\/wirtznv.com\\\/wp-content\\\/uploads\\\/2018\\\/12\\\/News-Landscape-Construction-In-Progress-Private-Garden-Czech-Republic.jpg\",\"articleSection\":[\"Non classifi\u00e9(e)\"],\"inLanguage\":\"fr-FR\"},{\"@type\":\"WebPage\",\"@id\":\"https:\\\/\\\/wirtznv.com\\\/fr\\\/extension-dun-jardin-existant-en-republique-tcheque\\\/\",\"url\":\"https:\\\/\\\/wirtznv.com\\\/fr\\\/extension-dun-jardin-existant-en-republique-tcheque\\\/\",\"name\":\"Agrandissement du jardin | Wirtz Architectes paysagistes internationaux\",\"isPartOf\":{\"@id\":\"https:\\\/\\\/wirtznv.com\\\/fr\\\/#website\"},\"primaryImageOfPage\":{\"@id\":\"https:\\\/\\\/wirtznv.com\\\/fr\\\/extension-dun-jardin-existant-en-republique-tcheque\\\/#primaryimage\"},\"image\":{\"@id\":\"https:\\\/\\\/wirtznv.com\\\/fr\\\/extension-dun-jardin-existant-en-republique-tcheque\\\/#primaryimage\"},\"thumbnailUrl\":\"https:\\\/\\\/wirtznv.com\\\/wp-content\\\/uploads\\\/2018\\\/12\\\/News-Landscape-Construction-In-Progress-Private-Garden-Czech-Republic.jpg\",\"datePublished\":\"2018-12-14T09:30:06+00:00\",\"dateModified\":\"2024-02-13T08:20:28+00:00\",\"description\":\"Nous travaillons \u00e0 l'agrandissement d'un jardin Wirtz existant. Un grand nombre d'arbres ont \u00e9t\u00e9 plant\u00e9s au cours de la derni\u00e8re semaine de novembre.\",\"breadcrumb\":{\"@id\":\"https:\\\/\\\/wirtznv.com\\\/fr\\\/extension-dun-jardin-existant-en-republique-tcheque\\\/#breadcrumb\"},\"inLanguage\":\"fr-FR\",\"potentialAction\":[{\"@type\":\"ReadAction\",\"target\":[\"https:\\\/\\\/wirtznv.com\\\/fr\\\/extension-dun-jardin-existant-en-republique-tcheque\\\/\"]}]},{\"@type\":\"ImageObject\",\"inLanguage\":\"fr-FR\",\"@id\":\"https:\\\/\\\/wirtznv.com\\\/fr\\\/extension-dun-jardin-existant-en-republique-tcheque\\\/#primaryimage\",\"url\":\"https:\\\/\\\/wirtznv.com\\\/wp-content\\\/uploads\\\/2018\\\/12\\\/News-Landscape-Construction-In-Progress-Private-Garden-Czech-Republic.jpg\",\"contentUrl\":\"https:\\\/\\\/wirtznv.com\\\/wp-content\\\/uploads\\\/2018\\\/12\\\/News-Landscape-Construction-In-Progress-Private-Garden-Czech-Republic.jpg\",\"width\":2000,\"height\":1400},{\"@type\":\"BreadcrumbList\",\"@id\":\"https:\\\/\\\/wirtznv.com\\\/fr\\\/extension-dun-jardin-existant-en-republique-tcheque\\\/#breadcrumb\",\"itemListElement\":[{\"@type\":\"ListItem\",\"position\":1,\"name\":\"Home\",\"item\":\"https:\\\/\\\/wirtznv.com\\\/fr\\\/\"},{\"@type\":\"ListItem\",\"position\":2,\"name\":\"Extension d&#8217;un jardin existant en R\u00e9publique tch\u00e8que\"}]},{\"@type\":\"WebSite\",\"@id\":\"https:\\\/\\\/wirtznv.com\\\/fr\\\/#website\",\"url\":\"https:\\\/\\\/wirtznv.com\\\/fr\\\/\",\"name\":\"Wirtz NV\",\"description\":\"\",\"publisher\":{\"@id\":\"https:\\\/\\\/wirtznv.com\\\/fr\\\/#organization\"},\"potentialAction\":[{\"@type\":\"SearchAction\",\"target\":{\"@type\":\"EntryPoint\",\"urlTemplate\":\"https:\\\/\\\/wirtznv.com\\\/fr\\\/?s={search_term_string}\"},\"query-input\":{\"@type\":\"PropertyValueSpecification\",\"valueRequired\":true,\"valueName\":\"search_term_string\"}}],\"inLanguage\":\"fr-FR\"},{\"@type\":\"Organization\",\"@id\":\"https:\\\/\\\/wirtznv.com\\\/fr\\\/#organization\",\"name\":\"Wirtz NV\",\"url\":\"https:\\\/\\\/wirtznv.com\\\/fr\\\/\",\"logo\":{\"@type\":\"ImageObject\",\"inLanguage\":\"fr-FR\",\"@id\":\"https:\\\/\\\/wirtznv.com\\\/fr\\\/#\\\/schema\\\/logo\\\/image\\\/\",\"url\":\"https:\\\/\\\/mk0wirtznvw3r6n59kw4.kinstacdn.com\\\/wp-content\\\/uploads\\\/2021\\\/03\\\/logo_header@2x-1.png\",\"contentUrl\":\"https:\\\/\\\/mk0wirtznvw3r6n59kw4.kinstacdn.com\\\/wp-content\\\/uploads\\\/2021\\\/03\\\/logo_header@2x-1.png\",\"width\":177,\"height\":161,\"caption\":\"Wirtz NV\"},\"image\":{\"@id\":\"https:\\\/\\\/wirtznv.com\\\/fr\\\/#\\\/schema\\\/logo\\\/image\\\/\"}},{\"@type\":\"Person\",\"@id\":\"https:\\\/\\\/wirtznv.com\\\/fr\\\/#\\\/schema\\\/person\\\/238ae8b6d8292a0cce4aba73db1f4de7\",\"name\":\"dxv_webmaster\",\"image\":{\"@type\":\"ImageObject\",\"inLanguage\":\"fr-FR\",\"@id\":\"https:\\\/\\\/secure.gravatar.com\\\/avatar\\\/4ac4d7ab1873815315009d11c27ceb03fab8cfaa9cacc1396d8c439780e46067?s=96&d=mm&r=g\",\"url\":\"https:\\\/\\\/secure.gravatar.com\\\/avatar\\\/4ac4d7ab1873815315009d11c27ceb03fab8cfaa9cacc1396d8c439780e46067?s=96&d=mm&r=g\",\"contentUrl\":\"https:\\\/\\\/secure.gravatar.com\\\/avatar\\\/4ac4d7ab1873815315009d11c27ceb03fab8cfaa9cacc1396d8c439780e46067?s=96&d=mm&r=g\",\"caption\":\"dxv_webmaster\"},\"sameAs\":[\"https:\\\/\\\/wirtznv.com\"],\"url\":\"https:\\\/\\\/wirtznv.com\\\/fr\\\/author\\\/dxv_webmaster\\\/\"}]}<\/script>\n<!-- \/ Yoast SEO plugin. -->","yoast_head_json":{"title":"Agrandissement du jardin | Wirtz Architectes paysagistes internationaux","description":"Nous travaillons \u00e0 l'agrandissement d'un jardin Wirtz existant. Un grand nombre d'arbres ont \u00e9t\u00e9 plant\u00e9s au cours de la derni\u00e8re semaine de novembre.","robots":{"index":"index","follow":"follow","max-snippet":"max-snippet:-1","max-image-preview":"max-image-preview:large","max-video-preview":"max-video-preview:-1"},"canonical":"https:\/\/wirtznv.com\/fr\/extension-dun-jardin-existant-en-republique-tcheque\/","og_locale":"fr_FR","og_type":"article","og_title":"Agrandissement du jardin | Wirtz Architectes paysagistes internationaux","og_description":"Nous travaillons \u00e0 l'agrandissement d'un jardin Wirtz existant. Un grand nombre d'arbres ont \u00e9t\u00e9 plant\u00e9s au cours de la derni\u00e8re semaine de novembre.","og_url":"https:\/\/wirtznv.com\/fr\/extension-dun-jardin-existant-en-republique-tcheque\/","og_site_name":"Wirtz NV","article_published_time":"2018-12-14T09:30:06+00:00","article_modified_time":"2024-02-13T08:20:28+00:00","og_image":[{"width":2000,"height":1400,"url":"https:\/\/wirtznv.com\/wp-content\/uploads\/2018\/12\/News-Landscape-Construction-In-Progress-Private-Garden-Czech-Republic.jpg","type":"image\/jpeg"}],"author":"dxv_webmaster","twitter_card":"summary_large_image","twitter_misc":{"\u00c9crit par":"dxv_webmaster","Dur\u00e9e de lecture estim\u00e9e":"1 minute"},"schema":{"@context":"https:\/\/schema.org","@graph":[{"@type":"Article","@id":"https:\/\/wirtznv.com\/fr\/extension-dun-jardin-existant-en-republique-tcheque\/#article","isPartOf":{"@id":"https:\/\/wirtznv.com\/fr\/extension-dun-jardin-existant-en-republique-tcheque\/"},"author":{"name":"dxv_webmaster","@id":"https:\/\/wirtznv.com\/fr\/#\/schema\/person\/238ae8b6d8292a0cce4aba73db1f4de7"},"headline":"Extension d&rsquo;un jardin existant en R\u00e9publique tch\u00e8que","datePublished":"2018-12-14T09:30:06+00:00","dateModified":"2024-02-13T08:20:28+00:00","mainEntityOfPage":{"@id":"https:\/\/wirtznv.com\/fr\/extension-dun-jardin-existant-en-republique-tcheque\/"},"wordCount":121,"publisher":{"@id":"https:\/\/wirtznv.com\/fr\/#organization"},"image":{"@id":"https:\/\/wirtznv.com\/fr\/extension-dun-jardin-existant-en-republique-tcheque\/#primaryimage"},"thumbnailUrl":"https:\/\/wirtznv.com\/wp-content\/uploads\/2018\/12\/News-Landscape-Construction-In-Progress-Private-Garden-Czech-Republic.jpg","articleSection":["Non classifi\u00e9(e)"],"inLanguage":"fr-FR"},{"@type":"WebPage","@id":"https:\/\/wirtznv.com\/fr\/extension-dun-jardin-existant-en-republique-tcheque\/","url":"https:\/\/wirtznv.com\/fr\/extension-dun-jardin-existant-en-republique-tcheque\/","name":"Agrandissement du jardin | Wirtz Architectes paysagistes internationaux","isPartOf":{"@id":"https:\/\/wirtznv.com\/fr\/#website"},"primaryImageOfPage":{"@id":"https:\/\/wirtznv.com\/fr\/extension-dun-jardin-existant-en-republique-tcheque\/#primaryimage"},"image":{"@id":"https:\/\/wirtznv.com\/fr\/extension-dun-jardin-existant-en-republique-tcheque\/#primaryimage"},"thumbnailUrl":"https:\/\/wirtznv.com\/wp-content\/uploads\/2018\/12\/News-Landscape-Construction-In-Progress-Private-Garden-Czech-Republic.jpg","datePublished":"2018-12-14T09:30:06+00:00","dateModified":"2024-02-13T08:20:28+00:00","description":"Nous travaillons \u00e0 l'agrandissement d'un jardin Wirtz existant. Un grand nombre d'arbres ont \u00e9t\u00e9 plant\u00e9s au cours de la derni\u00e8re semaine de novembre.","breadcrumb":{"@id":"https:\/\/wirtznv.com\/fr\/extension-dun-jardin-existant-en-republique-tcheque\/#breadcrumb"},"inLanguage":"fr-FR","potentialAction":[{"@type":"ReadAction","target":["https:\/\/wirtznv.com\/fr\/extension-dun-jardin-existant-en-republique-tcheque\/"]}]},{"@type":"ImageObject","inLanguage":"fr-FR","@id":"https:\/\/wirtznv.com\/fr\/extension-dun-jardin-existant-en-republique-tcheque\/#primaryimage","url":"https:\/\/wirtznv.com\/wp-content\/uploads\/2018\/12\/News-Landscape-Construction-In-Progress-Private-Garden-Czech-Republic.jpg","contentUrl":"https:\/\/wirtznv.com\/wp-content\/uploads\/2018\/12\/News-Landscape-Construction-In-Progress-Private-Garden-Czech-Republic.jpg","width":2000,"height":1400},{"@type":"BreadcrumbList","@id":"https:\/\/wirtznv.com\/fr\/extension-dun-jardin-existant-en-republique-tcheque\/#breadcrumb","itemListElement":[{"@type":"ListItem","position":1,"name":"Home","item":"https:\/\/wirtznv.com\/fr\/"},{"@type":"ListItem","position":2,"name":"Extension d&#8217;un jardin existant en R\u00e9publique tch\u00e8que"}]},{"@type":"WebSite","@id":"https:\/\/wirtznv.com\/fr\/#website","url":"https:\/\/wirtznv.com\/fr\/","name":"Wirtz NV","description":"","publisher":{"@id":"https:\/\/wirtznv.com\/fr\/#organization"},"potentialAction":[{"@type":"SearchAction","target":{"@type":"EntryPoint","urlTemplate":"https:\/\/wirtznv.com\/fr\/?s={search_term_string}"},"query-input":{"@type":"PropertyValueSpecification","valueRequired":true,"valueName":"search_term_string"}}],"inLanguage":"fr-FR"},{"@type":"Organization","@id":"https:\/\/wirtznv.com\/fr\/#organization","name":"Wirtz NV","url":"https:\/\/wirtznv.com\/fr\/","logo":{"@type":"ImageObject","inLanguage":"fr-FR","@id":"https:\/\/wirtznv.com\/fr\/#\/schema\/logo\/image\/","url":"https:\/\/mk0wirtznvw3r6n59kw4.kinstacdn.com\/wp-content\/uploads\/2021\/03\/logo_header@2x-1.png","contentUrl":"https:\/\/mk0wirtznvw3r6n59kw4.kinstacdn.com\/wp-content\/uploads\/2021\/03\/logo_header@2x-1.png","width":177,"height":161,"caption":"Wirtz NV"},"image":{"@id":"https:\/\/wirtznv.com\/fr\/#\/schema\/logo\/image\/"}},{"@type":"Person","@id":"https:\/\/wirtznv.com\/fr\/#\/schema\/person\/238ae8b6d8292a0cce4aba73db1f4de7","name":"dxv_webmaster","image":{"@type":"ImageObject","inLanguage":"fr-FR","@id":"https:\/\/secure.gravatar.com\/avatar\/4ac4d7ab1873815315009d11c27ceb03fab8cfaa9cacc1396d8c439780e46067?s=96&d=mm&r=g","url":"https:\/\/secure.gravatar.com\/avatar\/4ac4d7ab1873815315009d11c27ceb03fab8cfaa9cacc1396d8c439780e46067?s=96&d=mm&r=g","contentUrl":"https:\/\/secure.gravatar.com\/avatar\/4ac4d7ab1873815315009d11c27ceb03fab8cfaa9cacc1396d8c439780e46067?s=96&d=mm&r=g","caption":"dxv_webmaster"},"sameAs":["https:\/\/wirtznv.com"],"url":"https:\/\/wirtznv.com\/fr\/author\/dxv_webmaster\/"}]}},"_links":{"self":[{"href":"https:\/\/wirtznv.com\/fr\/wp-json\/wp\/v2\/posts\/6768","targetHints":{"allow":["GET"]}}],"collection":[{"href":"https:\/\/wirtznv.com\/fr\/wp-json\/wp\/v2\/posts"}],"about":[{"href":"https:\/\/wirtznv.com\/fr\/wp-json\/wp\/v2\/types\/post"}],"author":[{"embeddable":true,"href":"https:\/\/wirtznv.com\/fr\/wp-json\/wp\/v2\/users\/1"}],"replies":[{"embeddable":true,"href":"https:\/\/wirtznv.com\/fr\/wp-json\/wp\/v2\/comments?post=6768"}],"version-history":[{"count":0,"href":"https:\/\/wirtznv.com\/fr\/wp-json\/wp\/v2\/posts\/6768\/revisions"}],"wp:featuredmedia":[{"embeddable":true,"href":"https:\/\/wirtznv.com\/fr\/wp-json\/wp\/v2\/media\/8213"}],"wp:attachment":[{"href":"https:\/\/wirtznv.com\/fr\/wp-json\/wp\/v2\/media?parent=6768"}],"wp:term":[{"taxonomy":"category","embeddable":true,"href":"https:\/\/wirtznv.com\/fr\/wp-json\/wp\/v2\/categories?post=6768"},{"taxonomy":"post_tag","embeddable":true,"href":"https:\/\/wirtznv.com\/fr\/wp-json\/wp\/v2\/tags?post=6768"}],"curies":[{"name":"wp","href":"https:\/\/api.w.org\/{rel}","templated":true}]}}