{"id":6734,"date":"2019-04-24T12:25:16","date_gmt":"2019-04-24T12:25:16","guid":{"rendered":"https:\/\/wirtznv.com\/three-exclusive-gardens-for-the-august-hotel-in-antwerp-be\/"},"modified":"2024-02-28T08:55:13","modified_gmt":"2024-02-28T06:55:13","slug":"trois-jardins-exclusifs-lhotel-august-a","status":"publish","type":"post","link":"https:\/\/wirtznv.com\/fr\/trois-jardins-exclusifs-lhotel-august-a\/","title":{"rendered":"Trois jardins exclusifs pour l&rsquo;h\u00f4tel August \u00e0 Anvers (BE)"},"content":{"rendered":"<p>C\u00e9l\u00e9bration magnifique de l&rsquo;histoire et de la culture flamande, <a href=\"https:\/\/www.august-antwerp.com\/\">l&rsquo;h\u00f4tel August<\/a> est une oasis moderne de tranquillit\u00e9 dans un ancien monast\u00e8re augustinien au c\u0153ur d&rsquo;Anvers. Les cinq b\u00e2timents monumentaux, construits sous la direction de l&rsquo;architecte et designer belge <a href=\"https:\/\/vincentvanduysen.com\/\">Vincent Van Duysen,<\/a> sont con\u00e7us et am\u00e9nag\u00e9s comme un p\u00f4le social pour la ville. <a href=\"https:\/\/wirtznv.com\/fr\/projet\/parc-romantique-et-esplanade-dath-be\/\">Trois jardins clos exclusifs<\/a>, cr\u00e9\u00e9s par <a href=\"https:\/\/wirtznv.com\/fr\/a-propos-de-nous\/\">Wirtz International<\/a>, abritent l&rsquo;h\u00f4tel et constituent un lieu accueillant o\u00f9 les clients peuvent se d\u00e9tendre et se relaxer.<\/p>\n<p>En combinant des volumes irr\u00e9guliers de <strong>haies taill\u00e9es<\/strong> avec des <strong>arbustes \u00e0 fleurs<\/strong>, <strong>des arbres<\/strong> et des <strong>plantes vivaces<\/strong>, nous avons pu cr\u00e9er trois <strong>jardins uniques et sereins<\/strong>. Les h\u00f4tes peuvent boire un verre, lire un livre ou simplement se perdre dans l&rsquo;atmosph\u00e8re paisible des jardins. Les cimes des arbres nouvellement plant\u00e9s cr\u00e9ent une atmosph\u00e8re intime d&rsquo;isolement. Cette atmosph\u00e8re est renforc\u00e9e par les haies taill\u00e9es qui divisent le paysage en diff\u00e9rents espaces. Une s\u00e9lection de plantes vivaces et d&rsquo;arbustes \u00e0 fleurs ajoute de la couleur et de l&rsquo;int\u00e9r\u00eat \u00e0 chaque saison. Le choix uniforme des arbres dans les trois jardins cr\u00e9e une atmosph\u00e8re de tranquillit\u00e9 dans un cadre historique.<\/p>\n<p>L&rsquo;ouverture officielle a eu lieu le 12 avril 2019.<\/p>\n<p>Pour plus d\u2019informations sur cette oasis de paix moderne, veuillez visiter <a href=\"http:\/\/www.august-antwerp.com\">www.august-antwerp.com<\/a>.<\/p>\n<p>&nbsp;<\/p>\n","protected":false},"excerpt":{"rendered":"<p>C\u00e9l\u00e9bration magnifique de l&rsquo;histoire et de la culture flamande, l&rsquo;h\u00f4tel August est une oasis moderne de tranquillit\u00e9 dans un ancien monast\u00e8re augustinien au c\u0153ur d&rsquo;Anvers. Les cinq b\u00e2timents monumentaux, construits sous la direction de l&rsquo;architecte et designer belge Vincent Van [&hellip;]<\/p>\n","protected":false},"author":1,"featured_media":8301,"comment_status":"closed","ping_status":"open","sticky":false,"template":"","format":"standard","meta":{"_acf_changed":false,"footnotes":""},"categories":[4],"tags":[],"class_list":["post-6734","post","type-post","status-publish","format-standard","has-post-thumbnail","hentry","category-non-classifiee"],"acf":[],"yoast_head":"<!-- This site is optimized with the Yoast SEO plugin v27.4 - https:\/\/yoast.com\/product\/yoast-seo-wordpress\/ -->\n<title>Jardins sereins | Wirtz Architectes paysagistes internationaux<\/title>\n<meta name=\"description\" content=\"En combinant des volumes irr\u00e9guliers avec des arbustes \u00e0 fleurs, des arbres et des plantes vivaces, nous avons pu cr\u00e9er trois jardins sereins.\" \/>\n<meta name=\"robots\" content=\"index, follow, max-snippet:-1, max-image-preview:large, max-video-preview:-1\" \/>\n<link rel=\"canonical\" href=\"https:\/\/wirtznv.com\/fr\/trois-jardins-exclusifs-lhotel-august-a\/\" \/>\n<meta property=\"og:locale\" content=\"fr_FR\" \/>\n<meta property=\"og:type\" content=\"article\" \/>\n<meta property=\"og:title\" content=\"Jardins sereins | Wirtz Architectes paysagistes internationaux\" \/>\n<meta property=\"og:description\" content=\"En combinant des volumes irr\u00e9guliers avec des arbustes \u00e0 fleurs, des arbres et des plantes vivaces, nous avons pu cr\u00e9er trois jardins sereins.\" \/>\n<meta property=\"og:url\" content=\"https:\/\/wirtznv.com\/fr\/trois-jardins-exclusifs-lhotel-august-a\/\" \/>\n<meta property=\"og:site_name\" content=\"Wirtz NV\" \/>\n<meta property=\"article:published_time\" content=\"2019-04-24T12:25:16+00:00\" \/>\n<meta property=\"article:modified_time\" content=\"2024-02-28T06:55:13+00:00\" \/>\n<meta property=\"og:image\" content=\"https:\/\/wirtznv.com\/wp-content\/uploads\/2019\/04\/News-Three-Exclusive-Gardens-For-The-August-Hotel-In-Antwerp-BE.jpg\" \/>\n\t<meta property=\"og:image:width\" content=\"2000\" \/>\n\t<meta property=\"og:image:height\" content=\"1333\" \/>\n\t<meta property=\"og:image:type\" content=\"image\/jpeg\" \/>\n<meta name=\"author\" content=\"dxv_webmaster\" \/>\n<meta name=\"twitter:card\" content=\"summary_large_image\" \/>\n<meta name=\"twitter:label1\" content=\"\u00c9crit par\" \/>\n\t<meta name=\"twitter:data1\" content=\"dxv_webmaster\" \/>\n\t<meta name=\"twitter:label2\" content=\"Dur\u00e9e de lecture estim\u00e9e\" \/>\n\t<meta name=\"twitter:data2\" content=\"2 minutes\" \/>\n<script type=\"application\/ld+json\" class=\"yoast-schema-graph\">{\"@context\":\"https:\\\/\\\/schema.org\",\"@graph\":[{\"@type\":\"Article\",\"@id\":\"https:\\\/\\\/wirtznv.com\\\/fr\\\/trois-jardins-exclusifs-lhotel-august-a\\\/#article\",\"isPartOf\":{\"@id\":\"https:\\\/\\\/wirtznv.com\\\/fr\\\/trois-jardins-exclusifs-lhotel-august-a\\\/\"},\"author\":{\"name\":\"dxv_webmaster\",\"@id\":\"https:\\\/\\\/wirtznv.com\\\/fr\\\/#\\\/schema\\\/person\\\/238ae8b6d8292a0cce4aba73db1f4de7\"},\"headline\":\"Trois jardins exclusifs pour l&rsquo;h\u00f4tel August \u00e0 Anvers (BE)\",\"datePublished\":\"2019-04-24T12:25:16+00:00\",\"dateModified\":\"2024-02-28T06:55:13+00:00\",\"mainEntityOfPage\":{\"@id\":\"https:\\\/\\\/wirtznv.com\\\/fr\\\/trois-jardins-exclusifs-lhotel-august-a\\\/\"},\"wordCount\":255,\"publisher\":{\"@id\":\"https:\\\/\\\/wirtznv.com\\\/fr\\\/#organization\"},\"image\":{\"@id\":\"https:\\\/\\\/wirtznv.com\\\/fr\\\/trois-jardins-exclusifs-lhotel-august-a\\\/#primaryimage\"},\"thumbnailUrl\":\"https:\\\/\\\/wirtznv.com\\\/wp-content\\\/uploads\\\/2019\\\/04\\\/News-Three-Exclusive-Gardens-For-The-August-Hotel-In-Antwerp-BE.jpg\",\"articleSection\":[\"Non classifi\u00e9(e)\"],\"inLanguage\":\"fr-FR\"},{\"@type\":\"WebPage\",\"@id\":\"https:\\\/\\\/wirtznv.com\\\/fr\\\/trois-jardins-exclusifs-lhotel-august-a\\\/\",\"url\":\"https:\\\/\\\/wirtznv.com\\\/fr\\\/trois-jardins-exclusifs-lhotel-august-a\\\/\",\"name\":\"Jardins sereins | Wirtz Architectes paysagistes internationaux\",\"isPartOf\":{\"@id\":\"https:\\\/\\\/wirtznv.com\\\/fr\\\/#website\"},\"primaryImageOfPage\":{\"@id\":\"https:\\\/\\\/wirtznv.com\\\/fr\\\/trois-jardins-exclusifs-lhotel-august-a\\\/#primaryimage\"},\"image\":{\"@id\":\"https:\\\/\\\/wirtznv.com\\\/fr\\\/trois-jardins-exclusifs-lhotel-august-a\\\/#primaryimage\"},\"thumbnailUrl\":\"https:\\\/\\\/wirtznv.com\\\/wp-content\\\/uploads\\\/2019\\\/04\\\/News-Three-Exclusive-Gardens-For-The-August-Hotel-In-Antwerp-BE.jpg\",\"datePublished\":\"2019-04-24T12:25:16+00:00\",\"dateModified\":\"2024-02-28T06:55:13+00:00\",\"description\":\"En combinant des volumes irr\u00e9guliers avec des arbustes \u00e0 fleurs, des arbres et des plantes vivaces, nous avons pu cr\u00e9er trois jardins sereins.\",\"breadcrumb\":{\"@id\":\"https:\\\/\\\/wirtznv.com\\\/fr\\\/trois-jardins-exclusifs-lhotel-august-a\\\/#breadcrumb\"},\"inLanguage\":\"fr-FR\",\"potentialAction\":[{\"@type\":\"ReadAction\",\"target\":[\"https:\\\/\\\/wirtznv.com\\\/fr\\\/trois-jardins-exclusifs-lhotel-august-a\\\/\"]}]},{\"@type\":\"ImageObject\",\"inLanguage\":\"fr-FR\",\"@id\":\"https:\\\/\\\/wirtznv.com\\\/fr\\\/trois-jardins-exclusifs-lhotel-august-a\\\/#primaryimage\",\"url\":\"https:\\\/\\\/wirtznv.com\\\/wp-content\\\/uploads\\\/2019\\\/04\\\/News-Three-Exclusive-Gardens-For-The-August-Hotel-In-Antwerp-BE.jpg\",\"contentUrl\":\"https:\\\/\\\/wirtznv.com\\\/wp-content\\\/uploads\\\/2019\\\/04\\\/News-Three-Exclusive-Gardens-For-The-August-Hotel-In-Antwerp-BE.jpg\",\"width\":2000,\"height\":1333},{\"@type\":\"BreadcrumbList\",\"@id\":\"https:\\\/\\\/wirtznv.com\\\/fr\\\/trois-jardins-exclusifs-lhotel-august-a\\\/#breadcrumb\",\"itemListElement\":[{\"@type\":\"ListItem\",\"position\":1,\"name\":\"Home\",\"item\":\"https:\\\/\\\/wirtznv.com\\\/fr\\\/\"},{\"@type\":\"ListItem\",\"position\":2,\"name\":\"Trois jardins exclusifs pour l&#8217;h\u00f4tel August \u00e0 Anvers (BE)\"}]},{\"@type\":\"WebSite\",\"@id\":\"https:\\\/\\\/wirtznv.com\\\/fr\\\/#website\",\"url\":\"https:\\\/\\\/wirtznv.com\\\/fr\\\/\",\"name\":\"Wirtz NV\",\"description\":\"\",\"publisher\":{\"@id\":\"https:\\\/\\\/wirtznv.com\\\/fr\\\/#organization\"},\"potentialAction\":[{\"@type\":\"SearchAction\",\"target\":{\"@type\":\"EntryPoint\",\"urlTemplate\":\"https:\\\/\\\/wirtznv.com\\\/fr\\\/?s={search_term_string}\"},\"query-input\":{\"@type\":\"PropertyValueSpecification\",\"valueRequired\":true,\"valueName\":\"search_term_string\"}}],\"inLanguage\":\"fr-FR\"},{\"@type\":\"Organization\",\"@id\":\"https:\\\/\\\/wirtznv.com\\\/fr\\\/#organization\",\"name\":\"Wirtz NV\",\"url\":\"https:\\\/\\\/wirtznv.com\\\/fr\\\/\",\"logo\":{\"@type\":\"ImageObject\",\"inLanguage\":\"fr-FR\",\"@id\":\"https:\\\/\\\/wirtznv.com\\\/fr\\\/#\\\/schema\\\/logo\\\/image\\\/\",\"url\":\"https:\\\/\\\/mk0wirtznvw3r6n59kw4.kinstacdn.com\\\/wp-content\\\/uploads\\\/2021\\\/03\\\/logo_header@2x-1.png\",\"contentUrl\":\"https:\\\/\\\/mk0wirtznvw3r6n59kw4.kinstacdn.com\\\/wp-content\\\/uploads\\\/2021\\\/03\\\/logo_header@2x-1.png\",\"width\":177,\"height\":161,\"caption\":\"Wirtz NV\"},\"image\":{\"@id\":\"https:\\\/\\\/wirtznv.com\\\/fr\\\/#\\\/schema\\\/logo\\\/image\\\/\"}},{\"@type\":\"Person\",\"@id\":\"https:\\\/\\\/wirtznv.com\\\/fr\\\/#\\\/schema\\\/person\\\/238ae8b6d8292a0cce4aba73db1f4de7\",\"name\":\"dxv_webmaster\",\"image\":{\"@type\":\"ImageObject\",\"inLanguage\":\"fr-FR\",\"@id\":\"https:\\\/\\\/secure.gravatar.com\\\/avatar\\\/4ac4d7ab1873815315009d11c27ceb03fab8cfaa9cacc1396d8c439780e46067?s=96&d=mm&r=g\",\"url\":\"https:\\\/\\\/secure.gravatar.com\\\/avatar\\\/4ac4d7ab1873815315009d11c27ceb03fab8cfaa9cacc1396d8c439780e46067?s=96&d=mm&r=g\",\"contentUrl\":\"https:\\\/\\\/secure.gravatar.com\\\/avatar\\\/4ac4d7ab1873815315009d11c27ceb03fab8cfaa9cacc1396d8c439780e46067?s=96&d=mm&r=g\",\"caption\":\"dxv_webmaster\"},\"sameAs\":[\"https:\\\/\\\/wirtznv.com\"],\"url\":\"https:\\\/\\\/wirtznv.com\\\/fr\\\/author\\\/dxv_webmaster\\\/\"}]}<\/script>\n<!-- \/ Yoast SEO plugin. -->","yoast_head_json":{"title":"Jardins sereins | Wirtz Architectes paysagistes internationaux","description":"En combinant des volumes irr\u00e9guliers avec des arbustes \u00e0 fleurs, des arbres et des plantes vivaces, nous avons pu cr\u00e9er trois jardins sereins.","robots":{"index":"index","follow":"follow","max-snippet":"max-snippet:-1","max-image-preview":"max-image-preview:large","max-video-preview":"max-video-preview:-1"},"canonical":"https:\/\/wirtznv.com\/fr\/trois-jardins-exclusifs-lhotel-august-a\/","og_locale":"fr_FR","og_type":"article","og_title":"Jardins sereins | Wirtz Architectes paysagistes internationaux","og_description":"En combinant des volumes irr\u00e9guliers avec des arbustes \u00e0 fleurs, des arbres et des plantes vivaces, nous avons pu cr\u00e9er trois jardins sereins.","og_url":"https:\/\/wirtznv.com\/fr\/trois-jardins-exclusifs-lhotel-august-a\/","og_site_name":"Wirtz NV","article_published_time":"2019-04-24T12:25:16+00:00","article_modified_time":"2024-02-28T06:55:13+00:00","og_image":[{"width":2000,"height":1333,"url":"https:\/\/wirtznv.com\/wp-content\/uploads\/2019\/04\/News-Three-Exclusive-Gardens-For-The-August-Hotel-In-Antwerp-BE.jpg","type":"image\/jpeg"}],"author":"dxv_webmaster","twitter_card":"summary_large_image","twitter_misc":{"\u00c9crit par":"dxv_webmaster","Dur\u00e9e de lecture estim\u00e9e":"2 minutes"},"schema":{"@context":"https:\/\/schema.org","@graph":[{"@type":"Article","@id":"https:\/\/wirtznv.com\/fr\/trois-jardins-exclusifs-lhotel-august-a\/#article","isPartOf":{"@id":"https:\/\/wirtznv.com\/fr\/trois-jardins-exclusifs-lhotel-august-a\/"},"author":{"name":"dxv_webmaster","@id":"https:\/\/wirtznv.com\/fr\/#\/schema\/person\/238ae8b6d8292a0cce4aba73db1f4de7"},"headline":"Trois jardins exclusifs pour l&rsquo;h\u00f4tel August \u00e0 Anvers (BE)","datePublished":"2019-04-24T12:25:16+00:00","dateModified":"2024-02-28T06:55:13+00:00","mainEntityOfPage":{"@id":"https:\/\/wirtznv.com\/fr\/trois-jardins-exclusifs-lhotel-august-a\/"},"wordCount":255,"publisher":{"@id":"https:\/\/wirtznv.com\/fr\/#organization"},"image":{"@id":"https:\/\/wirtznv.com\/fr\/trois-jardins-exclusifs-lhotel-august-a\/#primaryimage"},"thumbnailUrl":"https:\/\/wirtznv.com\/wp-content\/uploads\/2019\/04\/News-Three-Exclusive-Gardens-For-The-August-Hotel-In-Antwerp-BE.jpg","articleSection":["Non classifi\u00e9(e)"],"inLanguage":"fr-FR"},{"@type":"WebPage","@id":"https:\/\/wirtznv.com\/fr\/trois-jardins-exclusifs-lhotel-august-a\/","url":"https:\/\/wirtznv.com\/fr\/trois-jardins-exclusifs-lhotel-august-a\/","name":"Jardins sereins | Wirtz Architectes paysagistes internationaux","isPartOf":{"@id":"https:\/\/wirtznv.com\/fr\/#website"},"primaryImageOfPage":{"@id":"https:\/\/wirtznv.com\/fr\/trois-jardins-exclusifs-lhotel-august-a\/#primaryimage"},"image":{"@id":"https:\/\/wirtznv.com\/fr\/trois-jardins-exclusifs-lhotel-august-a\/#primaryimage"},"thumbnailUrl":"https:\/\/wirtznv.com\/wp-content\/uploads\/2019\/04\/News-Three-Exclusive-Gardens-For-The-August-Hotel-In-Antwerp-BE.jpg","datePublished":"2019-04-24T12:25:16+00:00","dateModified":"2024-02-28T06:55:13+00:00","description":"En combinant des volumes irr\u00e9guliers avec des arbustes \u00e0 fleurs, des arbres et des plantes vivaces, nous avons pu cr\u00e9er trois jardins sereins.","breadcrumb":{"@id":"https:\/\/wirtznv.com\/fr\/trois-jardins-exclusifs-lhotel-august-a\/#breadcrumb"},"inLanguage":"fr-FR","potentialAction":[{"@type":"ReadAction","target":["https:\/\/wirtznv.com\/fr\/trois-jardins-exclusifs-lhotel-august-a\/"]}]},{"@type":"ImageObject","inLanguage":"fr-FR","@id":"https:\/\/wirtznv.com\/fr\/trois-jardins-exclusifs-lhotel-august-a\/#primaryimage","url":"https:\/\/wirtznv.com\/wp-content\/uploads\/2019\/04\/News-Three-Exclusive-Gardens-For-The-August-Hotel-In-Antwerp-BE.jpg","contentUrl":"https:\/\/wirtznv.com\/wp-content\/uploads\/2019\/04\/News-Three-Exclusive-Gardens-For-The-August-Hotel-In-Antwerp-BE.jpg","width":2000,"height":1333},{"@type":"BreadcrumbList","@id":"https:\/\/wirtznv.com\/fr\/trois-jardins-exclusifs-lhotel-august-a\/#breadcrumb","itemListElement":[{"@type":"ListItem","position":1,"name":"Home","item":"https:\/\/wirtznv.com\/fr\/"},{"@type":"ListItem","position":2,"name":"Trois jardins exclusifs pour l&#8217;h\u00f4tel August \u00e0 Anvers (BE)"}]},{"@type":"WebSite","@id":"https:\/\/wirtznv.com\/fr\/#website","url":"https:\/\/wirtznv.com\/fr\/","name":"Wirtz NV","description":"","publisher":{"@id":"https:\/\/wirtznv.com\/fr\/#organization"},"potentialAction":[{"@type":"SearchAction","target":{"@type":"EntryPoint","urlTemplate":"https:\/\/wirtznv.com\/fr\/?s={search_term_string}"},"query-input":{"@type":"PropertyValueSpecification","valueRequired":true,"valueName":"search_term_string"}}],"inLanguage":"fr-FR"},{"@type":"Organization","@id":"https:\/\/wirtznv.com\/fr\/#organization","name":"Wirtz NV","url":"https:\/\/wirtznv.com\/fr\/","logo":{"@type":"ImageObject","inLanguage":"fr-FR","@id":"https:\/\/wirtznv.com\/fr\/#\/schema\/logo\/image\/","url":"https:\/\/mk0wirtznvw3r6n59kw4.kinstacdn.com\/wp-content\/uploads\/2021\/03\/logo_header@2x-1.png","contentUrl":"https:\/\/mk0wirtznvw3r6n59kw4.kinstacdn.com\/wp-content\/uploads\/2021\/03\/logo_header@2x-1.png","width":177,"height":161,"caption":"Wirtz NV"},"image":{"@id":"https:\/\/wirtznv.com\/fr\/#\/schema\/logo\/image\/"}},{"@type":"Person","@id":"https:\/\/wirtznv.com\/fr\/#\/schema\/person\/238ae8b6d8292a0cce4aba73db1f4de7","name":"dxv_webmaster","image":{"@type":"ImageObject","inLanguage":"fr-FR","@id":"https:\/\/secure.gravatar.com\/avatar\/4ac4d7ab1873815315009d11c27ceb03fab8cfaa9cacc1396d8c439780e46067?s=96&d=mm&r=g","url":"https:\/\/secure.gravatar.com\/avatar\/4ac4d7ab1873815315009d11c27ceb03fab8cfaa9cacc1396d8c439780e46067?s=96&d=mm&r=g","contentUrl":"https:\/\/secure.gravatar.com\/avatar\/4ac4d7ab1873815315009d11c27ceb03fab8cfaa9cacc1396d8c439780e46067?s=96&d=mm&r=g","caption":"dxv_webmaster"},"sameAs":["https:\/\/wirtznv.com"],"url":"https:\/\/wirtznv.com\/fr\/author\/dxv_webmaster\/"}]}},"_links":{"self":[{"href":"https:\/\/wirtznv.com\/fr\/wp-json\/wp\/v2\/posts\/6734","targetHints":{"allow":["GET"]}}],"collection":[{"href":"https:\/\/wirtznv.com\/fr\/wp-json\/wp\/v2\/posts"}],"about":[{"href":"https:\/\/wirtznv.com\/fr\/wp-json\/wp\/v2\/types\/post"}],"author":[{"embeddable":true,"href":"https:\/\/wirtznv.com\/fr\/wp-json\/wp\/v2\/users\/1"}],"replies":[{"embeddable":true,"href":"https:\/\/wirtznv.com\/fr\/wp-json\/wp\/v2\/comments?post=6734"}],"version-history":[{"count":0,"href":"https:\/\/wirtznv.com\/fr\/wp-json\/wp\/v2\/posts\/6734\/revisions"}],"wp:featuredmedia":[{"embeddable":true,"href":"https:\/\/wirtznv.com\/fr\/wp-json\/wp\/v2\/media\/8301"}],"wp:attachment":[{"href":"https:\/\/wirtznv.com\/fr\/wp-json\/wp\/v2\/media?parent=6734"}],"wp:term":[{"taxonomy":"category","embeddable":true,"href":"https:\/\/wirtznv.com\/fr\/wp-json\/wp\/v2\/categories?post=6734"},{"taxonomy":"post_tag","embeddable":true,"href":"https:\/\/wirtznv.com\/fr\/wp-json\/wp\/v2\/tags?post=6734"}],"curies":[{"name":"wp","href":"https:\/\/api.w.org\/{rel}","templated":true}]}}