{"id":6680,"date":"2019-11-20T11:37:39","date_gmt":"2019-11-20T11:37:39","guid":{"rendered":"https:\/\/wirtznv.com\/lush-inner-garden-for-the-seven-building-in-brussels-be\/"},"modified":"2024-02-27T17:04:39","modified_gmt":"2024-02-27T15:04:39","slug":"cour-jardin-luxuriante-devant-le-batiment-sept-a-bruxelles","status":"publish","type":"post","link":"https:\/\/wirtznv.com\/fr\/cour-jardin-luxuriante-devant-le-batiment-sept-a-bruxelles\/","title":{"rendered":"Jardin int\u00e9rieur luxuriant pour le  b\u00e2timent Seven \u00e0 Bruxelles (BE)"},"content":{"rendered":"<p><strong>Seven Building<\/strong> est un projet de r\u00e9novation de haute qualit\u00e9 dans le quartier nord de Bruxelles. Le b\u00e2timent, r\u00e9alis\u00e9 par Assar Architects, offrira un m\u00e9lange de coworking et de bureaux.<\/p>\n<p>Le<a href=\"https:\/\/wirtznv.com\/fr\/projet\/espace-jacqmotte\/\"> jardin<\/a> int\u00e9rieur luxuriant de Wirtz offre aux employ\u00e9s une zone de d\u00e9tente sur le lieu de travail. Des parterres sur\u00e9lev\u00e9s avec un banc int\u00e9gr\u00e9 incurv\u00e9 transforment cet espace clos en un havre de verdure, au milieu d&rsquo;une jungle de verre et de b\u00e9ton. Les diff\u00e9rents arbres multi-troncs (Amelanchier lamarckii, Parrotia persica, \u2026) ajouteront du caract\u00e8re et apporteront de superbes couleurs automnales ou une jolie floraison printani\u00e8re. Les haies, foug\u00e8res et arbustes \u00e0 feuilles persistantes sont parfaits pour garder le jardin vert tout l\u2019hiver.<\/p>\n<p>La phase 1 du projet de jardin s&rsquo;est achev\u00e9e en octobre 2019. La phase 2 devrait d\u00e9marrer en 2021, une fois les travaux de construction termin\u00e9s.<\/p>\n<p>&nbsp;<\/p>\n","protected":false},"excerpt":{"rendered":"<p>Seven Building est un projet de r\u00e9novation de haute qualit\u00e9 dans le quartier nord de Bruxelles. Le b\u00e2timent, r\u00e9alis\u00e9 par Assar Architects, offrira un m\u00e9lange de coworking et de bureaux. Le jardin int\u00e9rieur luxuriant de Wirtz offre aux employ\u00e9s une [&hellip;]<\/p>\n","protected":false},"author":1,"featured_media":8229,"comment_status":"closed","ping_status":"open","sticky":false,"template":"","format":"standard","meta":{"_acf_changed":false,"footnotes":""},"categories":[4],"tags":[],"class_list":["post-6680","post","type-post","status-publish","format-standard","has-post-thumbnail","hentry","category-non-classifiee"],"acf":[],"yoast_head":"<!-- This site is optimized with the Yoast SEO plugin v28.3 - https:\/\/yoast.com\/product\/yoast-seo-wordpress\/ -->\n<title>B\u00e2timent Seven \u00e0 Bruxelles | Wirtz Architectes paysagistes internationaux<\/title>\n<meta name=\"description\" content=\"Seven Building est un projet de r\u00e9novation dans le quartier nord de Bruxelles. Le b\u00e2timent offre un m\u00e9lange d&#039;espaces de coworking et de bureaux.\" \/>\n<meta name=\"robots\" content=\"index, follow, max-snippet:-1, max-image-preview:large, max-video-preview:-1\" \/>\n<link rel=\"canonical\" href=\"https:\/\/wirtznv.com\/fr\/cour-jardin-luxuriante-devant-le-batiment-sept-a-bruxelles\/\" \/>\n<meta property=\"og:locale\" content=\"fr_FR\" \/>\n<meta property=\"og:type\" content=\"article\" \/>\n<meta property=\"og:title\" content=\"B\u00e2timent Seven \u00e0 Bruxelles | Wirtz Architectes paysagistes internationaux\" \/>\n<meta property=\"og:description\" content=\"Seven Building est un projet de r\u00e9novation dans le quartier nord de Bruxelles. Le b\u00e2timent offre un m\u00e9lange d&#039;espaces de coworking et de bureaux.\" \/>\n<meta property=\"og:url\" content=\"https:\/\/wirtznv.com\/fr\/cour-jardin-luxuriante-devant-le-batiment-sept-a-bruxelles\/\" \/>\n<meta property=\"og:site_name\" content=\"Wirtz NV\" \/>\n<meta property=\"article:published_time\" content=\"2019-11-20T11:37:39+00:00\" \/>\n<meta property=\"article:modified_time\" content=\"2024-02-27T15:04:39+00:00\" \/>\n<meta property=\"og:image\" content=\"https:\/\/wirtznv.com\/wp-content\/uploads\/2019\/11\/News-Lush-Inner-Garden-For-The-\u2018Seven-Building-In-Brussels-BE.jpg\" \/>\n\t<meta property=\"og:image:width\" content=\"1500\" \/>\n\t<meta property=\"og:image:height\" content=\"2000\" \/>\n\t<meta property=\"og:image:type\" content=\"image\/jpeg\" \/>\n<meta name=\"author\" content=\"dxv_webmaster\" \/>\n<meta name=\"twitter:card\" content=\"summary_large_image\" \/>\n<meta name=\"twitter:creator\" content=\"@Wirtz_Gardens\" \/>\n<meta name=\"twitter:site\" content=\"@Wirtz_Gardens\" \/>\n<meta name=\"twitter:label1\" content=\"\u00c9crit par\" \/>\n\t<meta name=\"twitter:data1\" content=\"dxv_webmaster\" \/>\n\t<meta name=\"twitter:label2\" content=\"Dur\u00e9e de lecture estim\u00e9e\" \/>\n\t<meta name=\"twitter:data2\" content=\"1 minute\" \/>\n<script type=\"application\/ld+json\" class=\"yoast-schema-graph\">{\"@context\":\"https:\\\/\\\/schema.org\",\"@graph\":[{\"@type\":\"Article\",\"@id\":\"https:\\\/\\\/wirtznv.com\\\/fr\\\/cour-jardin-luxuriante-devant-le-batiment-sept-a-bruxelles\\\/#article\",\"isPartOf\":{\"@id\":\"https:\\\/\\\/wirtznv.com\\\/fr\\\/cour-jardin-luxuriante-devant-le-batiment-sept-a-bruxelles\\\/\"},\"author\":{\"name\":\"dxv_webmaster\",\"@id\":\"https:\\\/\\\/wirtznv.com\\\/fr\\\/#\\\/schema\\\/person\\\/238ae8b6d8292a0cce4aba73db1f4de7\"},\"headline\":\"Jardin int\u00e9rieur luxuriant pour le b\u00e2timent Seven \u00e0 Bruxelles (BE)\",\"datePublished\":\"2019-11-20T11:37:39+00:00\",\"dateModified\":\"2024-02-27T15:04:39+00:00\",\"mainEntityOfPage\":{\"@id\":\"https:\\\/\\\/wirtznv.com\\\/fr\\\/cour-jardin-luxuriante-devant-le-batiment-sept-a-bruxelles\\\/\"},\"wordCount\":167,\"publisher\":{\"@id\":\"https:\\\/\\\/wirtznv.com\\\/fr\\\/#organization\"},\"image\":{\"@id\":\"https:\\\/\\\/wirtznv.com\\\/fr\\\/cour-jardin-luxuriante-devant-le-batiment-sept-a-bruxelles\\\/#primaryimage\"},\"thumbnailUrl\":\"https:\\\/\\\/wirtznv.com\\\/wp-content\\\/uploads\\\/2019\\\/11\\\/News-Lush-Inner-Garden-For-The-\u2018Seven-Building-In-Brussels-BE.jpg\",\"articleSection\":[\"Non classifi\u00e9(e)\"],\"inLanguage\":\"fr-FR\"},{\"@type\":\"WebPage\",\"@id\":\"https:\\\/\\\/wirtznv.com\\\/fr\\\/cour-jardin-luxuriante-devant-le-batiment-sept-a-bruxelles\\\/\",\"url\":\"https:\\\/\\\/wirtznv.com\\\/fr\\\/cour-jardin-luxuriante-devant-le-batiment-sept-a-bruxelles\\\/\",\"name\":\"B\u00e2timent Seven \u00e0 Bruxelles | Wirtz Architectes paysagistes internationaux\",\"isPartOf\":{\"@id\":\"https:\\\/\\\/wirtznv.com\\\/fr\\\/#website\"},\"primaryImageOfPage\":{\"@id\":\"https:\\\/\\\/wirtznv.com\\\/fr\\\/cour-jardin-luxuriante-devant-le-batiment-sept-a-bruxelles\\\/#primaryimage\"},\"image\":{\"@id\":\"https:\\\/\\\/wirtznv.com\\\/fr\\\/cour-jardin-luxuriante-devant-le-batiment-sept-a-bruxelles\\\/#primaryimage\"},\"thumbnailUrl\":\"https:\\\/\\\/wirtznv.com\\\/wp-content\\\/uploads\\\/2019\\\/11\\\/News-Lush-Inner-Garden-For-The-\u2018Seven-Building-In-Brussels-BE.jpg\",\"datePublished\":\"2019-11-20T11:37:39+00:00\",\"dateModified\":\"2024-02-27T15:04:39+00:00\",\"description\":\"Seven Building est un projet de r\u00e9novation dans le quartier nord de Bruxelles. Le b\u00e2timent offre un m\u00e9lange d'espaces de coworking et de bureaux.\",\"breadcrumb\":{\"@id\":\"https:\\\/\\\/wirtznv.com\\\/fr\\\/cour-jardin-luxuriante-devant-le-batiment-sept-a-bruxelles\\\/#breadcrumb\"},\"inLanguage\":\"fr-FR\",\"potentialAction\":[{\"@type\":\"ReadAction\",\"target\":[\"https:\\\/\\\/wirtznv.com\\\/fr\\\/cour-jardin-luxuriante-devant-le-batiment-sept-a-bruxelles\\\/\"]}]},{\"@type\":\"ImageObject\",\"inLanguage\":\"fr-FR\",\"@id\":\"https:\\\/\\\/wirtznv.com\\\/fr\\\/cour-jardin-luxuriante-devant-le-batiment-sept-a-bruxelles\\\/#primaryimage\",\"url\":\"https:\\\/\\\/wirtznv.com\\\/wp-content\\\/uploads\\\/2019\\\/11\\\/News-Lush-Inner-Garden-For-The-\u2018Seven-Building-In-Brussels-BE.jpg\",\"contentUrl\":\"https:\\\/\\\/wirtznv.com\\\/wp-content\\\/uploads\\\/2019\\\/11\\\/News-Lush-Inner-Garden-For-The-\u2018Seven-Building-In-Brussels-BE.jpg\",\"width\":1500,\"height\":2000},{\"@type\":\"BreadcrumbList\",\"@id\":\"https:\\\/\\\/wirtznv.com\\\/fr\\\/cour-jardin-luxuriante-devant-le-batiment-sept-a-bruxelles\\\/#breadcrumb\",\"itemListElement\":[{\"@type\":\"ListItem\",\"position\":1,\"name\":\"Home\",\"item\":\"https:\\\/\\\/wirtznv.com\\\/fr\\\/\"},{\"@type\":\"ListItem\",\"position\":2,\"name\":\"Jardin int\u00e9rieur luxuriant pour le b\u00e2timent Seven \u00e0 Bruxelles (BE)\"}]},{\"@type\":\"WebSite\",\"@id\":\"https:\\\/\\\/wirtznv.com\\\/fr\\\/#website\",\"url\":\"https:\\\/\\\/wirtznv.com\\\/fr\\\/\",\"name\":\"Wirtz NV\",\"description\":\"\",\"publisher\":{\"@id\":\"https:\\\/\\\/wirtznv.com\\\/fr\\\/#organization\"},\"potentialAction\":[{\"@type\":\"SearchAction\",\"target\":{\"@type\":\"EntryPoint\",\"urlTemplate\":\"https:\\\/\\\/wirtznv.com\\\/fr\\\/?s={search_term_string}\"},\"query-input\":{\"@type\":\"PropertyValueSpecification\",\"valueRequired\":true,\"valueName\":\"search_term_string\"}}],\"inLanguage\":\"fr-FR\"},{\"@type\":\"Organization\",\"@id\":\"https:\\\/\\\/wirtznv.com\\\/fr\\\/#organization\",\"name\":\"Wirtz International Landscape Architects\",\"alternateName\":\"Wirtz NV\",\"url\":\"https:\\\/\\\/wirtznv.com\\\/fr\\\/\",\"logo\":{\"@type\":\"ImageObject\",\"inLanguage\":\"fr-FR\",\"@id\":\"https:\\\/\\\/wirtznv.com\\\/fr\\\/#\\\/schema\\\/logo\\\/image\\\/\",\"url\":\"https:\\\/\\\/wirtznv.com\\\/wp-content\\\/uploads\\\/2021\\\/03\\\/logo_header@2x-1.png\",\"contentUrl\":\"https:\\\/\\\/wirtznv.com\\\/wp-content\\\/uploads\\\/2021\\\/03\\\/logo_header@2x-1.png\",\"width\":177,\"height\":161,\"caption\":\"Wirtz International Landscape Architects\"},\"image\":{\"@id\":\"https:\\\/\\\/wirtznv.com\\\/fr\\\/#\\\/schema\\\/logo\\\/image\\\/\"},\"sameAs\":[\"https:\\\/\\\/x.com\\\/Wirtz_Gardens\",\"https:\\\/\\\/www.instagram.com\\\/Wirtz_International\\\/\"],\"description\":\"Wirtz International Landscape Architects est un bureau belge d'architecture des jardins et du paysage \u00e9tabli \u00e0 Schoten, pr\u00e8s d'Anvers, fond\u00e9 par Jacques Wirtz. Le bureau con\u00e7oit des jardins priv\u00e9s, des jardins d'entreprise, des espaces publics et des jardins sur toit, en Belgique et \u00e0 l'\u00e9tranger.\",\"address\":{\"@type\":\"PostalAddress\",\"streetAddress\":\"Botermelkdijk 464\",\"addressLocality\":\"Schoten\",\"postalCode\":\"2900\",\"addressCountry\":\"BE\"},\"telephone\":\"+32 3 680 13 22\",\"email\":\"info@wirtznv.be\",\"founder\":{\"@type\":\"Person\",\"name\":\"Jacques Wirtz\",\"birthDate\":\"1924\",\"jobTitle\":\"Landscape architect\",\"description\":\"Belgisch tuin- en landschapsarchitect, geboren in Antwerpen in 1924, oprichter van het bureau.\"},\"knowsAbout\":[\"Landscape architecture\",\"Garden design\",\"Public space design\",\"Roof gardens\",\"Private gardens\"],\"areaServed\":[\"BE\",\"NL\",\"FR\",\"DE\",\"GB\",\"US\",\"ES\",\"CH\",\"PL\"],\"foundingDate\":\"1950\",\"employee\":[{\"@type\":\"Person\",\"name\":\"Martin Wirtz\",\"jobTitle\":\"Landscape architect\"},{\"@type\":\"Person\",\"name\":\"Peter Wirtz\",\"jobTitle\":\"Landscape architect\"}],\"location\":[{\"@type\":\"Place\",\"name\":\"Wirtz International Landscape Architects \u2014 Schoten\",\"address\":{\"@type\":\"PostalAddress\",\"streetAddress\":\"Botermelkdijk 464\",\"addressLocality\":\"Schoten\",\"postalCode\":\"2900\",\"addressCountry\":\"BE\"},\"telephone\":\"+32 3 680 13 22\"},{\"@type\":\"Place\",\"name\":\"Wirtz International Landscape Architects \u2014 Hamburg\",\"address\":{\"@type\":\"PostalAddress\",\"streetAddress\":\"Armgartstra\u00dfe 4\",\"addressLocality\":\"Hamburg\",\"postalCode\":\"22087\",\"addressCountry\":\"DE\"},\"telephone\":\"+49 40 226 30336\"},{\"@type\":\"Place\",\"name\":\"Wirtz International Landscape Architects \u2014 Glastonbury\",\"address\":{\"@type\":\"PostalAddress\",\"streetAddress\":\"100 Western Blvd\",\"addressLocality\":\"Glastonbury\",\"addressRegion\":\"CT\",\"postalCode\":\"06033\",\"addressCountry\":\"US\"}}]},{\"@type\":\"Person\",\"@id\":\"https:\\\/\\\/wirtznv.com\\\/fr\\\/#\\\/schema\\\/person\\\/238ae8b6d8292a0cce4aba73db1f4de7\",\"name\":\"dxv_webmaster\",\"image\":{\"@type\":\"ImageObject\",\"inLanguage\":\"fr-FR\",\"@id\":\"https:\\\/\\\/secure.gravatar.com\\\/avatar\\\/4ac4d7ab1873815315009d11c27ceb03fab8cfaa9cacc1396d8c439780e46067?s=96&d=mm&r=g\",\"url\":\"https:\\\/\\\/secure.gravatar.com\\\/avatar\\\/4ac4d7ab1873815315009d11c27ceb03fab8cfaa9cacc1396d8c439780e46067?s=96&d=mm&r=g\",\"contentUrl\":\"https:\\\/\\\/secure.gravatar.com\\\/avatar\\\/4ac4d7ab1873815315009d11c27ceb03fab8cfaa9cacc1396d8c439780e46067?s=96&d=mm&r=g\",\"caption\":\"dxv_webmaster\"},\"sameAs\":[\"https:\\\/\\\/wirtznv.com\"]}]}<\/script>\n<!-- \/ Yoast SEO plugin. -->","yoast_head_json":{"title":"B\u00e2timent Seven \u00e0 Bruxelles | Wirtz Architectes paysagistes internationaux","description":"Seven Building est un projet de r\u00e9novation dans le quartier nord de Bruxelles. Le b\u00e2timent offre un m\u00e9lange d'espaces de coworking et de bureaux.","robots":{"index":"index","follow":"follow","max-snippet":"max-snippet:-1","max-image-preview":"max-image-preview:large","max-video-preview":"max-video-preview:-1"},"canonical":"https:\/\/wirtznv.com\/fr\/cour-jardin-luxuriante-devant-le-batiment-sept-a-bruxelles\/","og_locale":"fr_FR","og_type":"article","og_title":"B\u00e2timent Seven \u00e0 Bruxelles | Wirtz Architectes paysagistes internationaux","og_description":"Seven Building est un projet de r\u00e9novation dans le quartier nord de Bruxelles. Le b\u00e2timent offre un m\u00e9lange d'espaces de coworking et de bureaux.","og_url":"https:\/\/wirtznv.com\/fr\/cour-jardin-luxuriante-devant-le-batiment-sept-a-bruxelles\/","og_site_name":"Wirtz NV","article_published_time":"2019-11-20T11:37:39+00:00","article_modified_time":"2024-02-27T15:04:39+00:00","og_image":[{"width":1500,"height":2000,"url":"https:\/\/wirtznv.com\/wp-content\/uploads\/2019\/11\/News-Lush-Inner-Garden-For-The-\u2018Seven-Building-In-Brussels-BE.jpg","type":"image\/jpeg"}],"author":"dxv_webmaster","twitter_card":"summary_large_image","twitter_creator":"@Wirtz_Gardens","twitter_site":"@Wirtz_Gardens","twitter_misc":{"\u00c9crit par":"dxv_webmaster","Dur\u00e9e de lecture estim\u00e9e":"1 minute"},"schema":{"@context":"https:\/\/schema.org","@graph":[{"@type":"Article","@id":"https:\/\/wirtznv.com\/fr\/cour-jardin-luxuriante-devant-le-batiment-sept-a-bruxelles\/#article","isPartOf":{"@id":"https:\/\/wirtznv.com\/fr\/cour-jardin-luxuriante-devant-le-batiment-sept-a-bruxelles\/"},"author":{"name":"dxv_webmaster","@id":"https:\/\/wirtznv.com\/fr\/#\/schema\/person\/238ae8b6d8292a0cce4aba73db1f4de7"},"headline":"Jardin int\u00e9rieur luxuriant pour le b\u00e2timent Seven \u00e0 Bruxelles (BE)","datePublished":"2019-11-20T11:37:39+00:00","dateModified":"2024-02-27T15:04:39+00:00","mainEntityOfPage":{"@id":"https:\/\/wirtznv.com\/fr\/cour-jardin-luxuriante-devant-le-batiment-sept-a-bruxelles\/"},"wordCount":167,"publisher":{"@id":"https:\/\/wirtznv.com\/fr\/#organization"},"image":{"@id":"https:\/\/wirtznv.com\/fr\/cour-jardin-luxuriante-devant-le-batiment-sept-a-bruxelles\/#primaryimage"},"thumbnailUrl":"https:\/\/wirtznv.com\/wp-content\/uploads\/2019\/11\/News-Lush-Inner-Garden-For-The-\u2018Seven-Building-In-Brussels-BE.jpg","articleSection":["Non classifi\u00e9(e)"],"inLanguage":"fr-FR"},{"@type":"WebPage","@id":"https:\/\/wirtznv.com\/fr\/cour-jardin-luxuriante-devant-le-batiment-sept-a-bruxelles\/","url":"https:\/\/wirtznv.com\/fr\/cour-jardin-luxuriante-devant-le-batiment-sept-a-bruxelles\/","name":"B\u00e2timent Seven \u00e0 Bruxelles | Wirtz Architectes paysagistes internationaux","isPartOf":{"@id":"https:\/\/wirtznv.com\/fr\/#website"},"primaryImageOfPage":{"@id":"https:\/\/wirtznv.com\/fr\/cour-jardin-luxuriante-devant-le-batiment-sept-a-bruxelles\/#primaryimage"},"image":{"@id":"https:\/\/wirtznv.com\/fr\/cour-jardin-luxuriante-devant-le-batiment-sept-a-bruxelles\/#primaryimage"},"thumbnailUrl":"https:\/\/wirtznv.com\/wp-content\/uploads\/2019\/11\/News-Lush-Inner-Garden-For-The-\u2018Seven-Building-In-Brussels-BE.jpg","datePublished":"2019-11-20T11:37:39+00:00","dateModified":"2024-02-27T15:04:39+00:00","description":"Seven Building est un projet de r\u00e9novation dans le quartier nord de Bruxelles. Le b\u00e2timent offre un m\u00e9lange d'espaces de coworking et de bureaux.","breadcrumb":{"@id":"https:\/\/wirtznv.com\/fr\/cour-jardin-luxuriante-devant-le-batiment-sept-a-bruxelles\/#breadcrumb"},"inLanguage":"fr-FR","potentialAction":[{"@type":"ReadAction","target":["https:\/\/wirtznv.com\/fr\/cour-jardin-luxuriante-devant-le-batiment-sept-a-bruxelles\/"]}]},{"@type":"ImageObject","inLanguage":"fr-FR","@id":"https:\/\/wirtznv.com\/fr\/cour-jardin-luxuriante-devant-le-batiment-sept-a-bruxelles\/#primaryimage","url":"https:\/\/wirtznv.com\/wp-content\/uploads\/2019\/11\/News-Lush-Inner-Garden-For-The-\u2018Seven-Building-In-Brussels-BE.jpg","contentUrl":"https:\/\/wirtznv.com\/wp-content\/uploads\/2019\/11\/News-Lush-Inner-Garden-For-The-\u2018Seven-Building-In-Brussels-BE.jpg","width":1500,"height":2000},{"@type":"BreadcrumbList","@id":"https:\/\/wirtznv.com\/fr\/cour-jardin-luxuriante-devant-le-batiment-sept-a-bruxelles\/#breadcrumb","itemListElement":[{"@type":"ListItem","position":1,"name":"Home","item":"https:\/\/wirtznv.com\/fr\/"},{"@type":"ListItem","position":2,"name":"Jardin int\u00e9rieur luxuriant pour le b\u00e2timent Seven \u00e0 Bruxelles (BE)"}]},{"@type":"WebSite","@id":"https:\/\/wirtznv.com\/fr\/#website","url":"https:\/\/wirtznv.com\/fr\/","name":"Wirtz NV","description":"","publisher":{"@id":"https:\/\/wirtznv.com\/fr\/#organization"},"potentialAction":[{"@type":"SearchAction","target":{"@type":"EntryPoint","urlTemplate":"https:\/\/wirtznv.com\/fr\/?s={search_term_string}"},"query-input":{"@type":"PropertyValueSpecification","valueRequired":true,"valueName":"search_term_string"}}],"inLanguage":"fr-FR"},{"@type":"Organization","@id":"https:\/\/wirtznv.com\/fr\/#organization","name":"Wirtz International Landscape Architects","alternateName":"Wirtz NV","url":"https:\/\/wirtznv.com\/fr\/","logo":{"@type":"ImageObject","inLanguage":"fr-FR","@id":"https:\/\/wirtznv.com\/fr\/#\/schema\/logo\/image\/","url":"https:\/\/wirtznv.com\/wp-content\/uploads\/2021\/03\/logo_header@2x-1.png","contentUrl":"https:\/\/wirtznv.com\/wp-content\/uploads\/2021\/03\/logo_header@2x-1.png","width":177,"height":161,"caption":"Wirtz International Landscape Architects"},"image":{"@id":"https:\/\/wirtznv.com\/fr\/#\/schema\/logo\/image\/"},"sameAs":["https:\/\/x.com\/Wirtz_Gardens","https:\/\/www.instagram.com\/Wirtz_International\/"],"description":"Wirtz International Landscape Architects est un bureau belge d'architecture des jardins et du paysage \u00e9tabli \u00e0 Schoten, pr\u00e8s d'Anvers, fond\u00e9 par Jacques Wirtz. Le bureau con\u00e7oit des jardins priv\u00e9s, des jardins d'entreprise, des espaces publics et des jardins sur toit, en Belgique et \u00e0 l'\u00e9tranger.","address":{"@type":"PostalAddress","streetAddress":"Botermelkdijk 464","addressLocality":"Schoten","postalCode":"2900","addressCountry":"BE"},"telephone":"+32 3 680 13 22","email":"info@wirtznv.be","founder":{"@type":"Person","name":"Jacques Wirtz","birthDate":"1924","jobTitle":"Landscape architect","description":"Belgisch tuin- en landschapsarchitect, geboren in Antwerpen in 1924, oprichter van het bureau."},"knowsAbout":["Landscape architecture","Garden design","Public space design","Roof gardens","Private gardens"],"areaServed":["BE","NL","FR","DE","GB","US","ES","CH","PL"],"foundingDate":"1950","employee":[{"@type":"Person","name":"Martin Wirtz","jobTitle":"Landscape architect"},{"@type":"Person","name":"Peter Wirtz","jobTitle":"Landscape architect"}],"location":[{"@type":"Place","name":"Wirtz International Landscape Architects \u2014 Schoten","address":{"@type":"PostalAddress","streetAddress":"Botermelkdijk 464","addressLocality":"Schoten","postalCode":"2900","addressCountry":"BE"},"telephone":"+32 3 680 13 22"},{"@type":"Place","name":"Wirtz International Landscape Architects \u2014 Hamburg","address":{"@type":"PostalAddress","streetAddress":"Armgartstra\u00dfe 4","addressLocality":"Hamburg","postalCode":"22087","addressCountry":"DE"},"telephone":"+49 40 226 30336"},{"@type":"Place","name":"Wirtz International Landscape Architects \u2014 Glastonbury","address":{"@type":"PostalAddress","streetAddress":"100 Western Blvd","addressLocality":"Glastonbury","addressRegion":"CT","postalCode":"06033","addressCountry":"US"}}]},{"@type":"Person","@id":"https:\/\/wirtznv.com\/fr\/#\/schema\/person\/238ae8b6d8292a0cce4aba73db1f4de7","name":"dxv_webmaster","image":{"@type":"ImageObject","inLanguage":"fr-FR","@id":"https:\/\/secure.gravatar.com\/avatar\/4ac4d7ab1873815315009d11c27ceb03fab8cfaa9cacc1396d8c439780e46067?s=96&d=mm&r=g","url":"https:\/\/secure.gravatar.com\/avatar\/4ac4d7ab1873815315009d11c27ceb03fab8cfaa9cacc1396d8c439780e46067?s=96&d=mm&r=g","contentUrl":"https:\/\/secure.gravatar.com\/avatar\/4ac4d7ab1873815315009d11c27ceb03fab8cfaa9cacc1396d8c439780e46067?s=96&d=mm&r=g","caption":"dxv_webmaster"},"sameAs":["https:\/\/wirtznv.com"]}]}},"_links":{"self":[{"href":"https:\/\/wirtznv.com\/fr\/wp-json\/wp\/v2\/posts\/6680","targetHints":{"allow":["GET"]}}],"collection":[{"href":"https:\/\/wirtznv.com\/fr\/wp-json\/wp\/v2\/posts"}],"about":[{"href":"https:\/\/wirtznv.com\/fr\/wp-json\/wp\/v2\/types\/post"}],"author":[{"embeddable":true,"href":"https:\/\/wirtznv.com\/fr\/wp-json\/wp\/v2\/users\/1"}],"replies":[{"embeddable":true,"href":"https:\/\/wirtznv.com\/fr\/wp-json\/wp\/v2\/comments?post=6680"}],"version-history":[{"count":0,"href":"https:\/\/wirtznv.com\/fr\/wp-json\/wp\/v2\/posts\/6680\/revisions"}],"wp:featuredmedia":[{"embeddable":true,"href":"https:\/\/wirtznv.com\/fr\/wp-json\/wp\/v2\/media\/8229"}],"wp:attachment":[{"href":"https:\/\/wirtznv.com\/fr\/wp-json\/wp\/v2\/media?parent=6680"}],"wp:term":[{"taxonomy":"category","embeddable":true,"href":"https:\/\/wirtznv.com\/fr\/wp-json\/wp\/v2\/categories?post=6680"},{"taxonomy":"post_tag","embeddable":true,"href":"https:\/\/wirtznv.com\/fr\/wp-json\/wp\/v2\/tags?post=6680"}],"curies":[{"name":"wp","href":"https:\/\/api.w.org\/{rel}","templated":true}]}}