{"id":6569,"date":"2020-12-18T09:35:29","date_gmt":"2020-12-18T09:35:29","guid":{"rendered":"https:\/\/wirtznv.com\/notice-of-office-closure-during-christmas-and-new-years-holidays\/"},"modified":"2021-04-29T07:56:14","modified_gmt":"2021-04-29T07:56:14","slug":"notice-of-office-closure-during-christmas-and-new-years-holidays","status":"publish","type":"post","link":"https:\/\/wirtznv.com\/fr\/notice-of-office-closure-during-christmas-and-new-years-holidays\/","title":{"rendered":"Notice of office closure during Christmas and New Year\u2019s Holidays"},"content":{"rendered":"<p><strong>Notice of office closure during Christmas and New Year\u2019s Holidays. \u00a0\u00a0\u00a0\u00a0\u00a0\u00a0\u00a0\u00a0\u00a0<\/strong><\/p>\n<p>Please be advised that Wirtz International will close at 5:30pm, on Thursday 24th December 2020 for the Christmas holidays and will reopen on Monday 4th January 2021 at 8:30am (CEST). On behalf of the entire team from Wirtz International and Wirtz Tuinarchitectuur we wish you, your family and your colleagues a Merry Christmas and a successful and prosperous 2021!<\/p>\n","protected":false},"excerpt":{"rendered":"<p>Notice of office closure during Christmas and New Year\u2019s Holidays. \u00a0\u00a0\u00a0\u00a0\u00a0\u00a0\u00a0\u00a0\u00a0 Please be advised that Wirtz International will close at 5:30pm, on Thursday 24th December 2020 for the Christmas holidays and will reopen on Monday 4th January 2021 at 8:30am [&hellip;]<\/p>\n","protected":false},"author":1,"featured_media":7523,"comment_status":"closed","ping_status":"open","sticky":false,"template":"","format":"standard","meta":{"_acf_changed":false,"footnotes":""},"categories":[4],"tags":[],"class_list":["post-6569","post","type-post","status-publish","format-standard","has-post-thumbnail","hentry","category-non-classifiee"],"acf":[],"yoast_head":"<!-- This site is optimized with the Yoast SEO plugin v28.3 - https:\/\/yoast.com\/product\/yoast-seo-wordpress\/ -->\n<title>Notice of office closure during Christmas and New Year\u2019s Holidays | Wirtz NV<\/title>\n<meta name=\"description\" content=\"Notice of office closure during Christmas and New Year\u2019s Holidays.\" \/>\n<meta name=\"robots\" content=\"index, follow, max-snippet:-1, max-image-preview:large, max-video-preview:-1\" \/>\n<link rel=\"canonical\" href=\"https:\/\/wirtznv.com\/fr\/notice-of-office-closure-during-christmas-and-new-years-holidays\/\" \/>\n<meta property=\"og:locale\" content=\"fr_FR\" \/>\n<meta property=\"og:type\" content=\"article\" \/>\n<meta property=\"og:title\" content=\"Notice of office closure during Christmas and New Year\u2019s Holidays | Wirtz NV\" \/>\n<meta property=\"og:description\" content=\"Notice of office closure during Christmas and New Year\u2019s Holidays.\" \/>\n<meta property=\"og:url\" content=\"https:\/\/wirtznv.com\/fr\/notice-of-office-closure-during-christmas-and-new-years-holidays\/\" \/>\n<meta property=\"og:site_name\" content=\"Wirtz NV\" \/>\n<meta property=\"article:published_time\" content=\"2020-12-18T09:35:29+00:00\" \/>\n<meta property=\"article:modified_time\" content=\"2021-04-29T07:56:14+00:00\" \/>\n<meta property=\"og:image\" content=\"https:\/\/wirtznv.com\/wp-content\/uploads\/2020\/12\/Wirtz-Garden-Schoten-3.jpg\" \/>\n\t<meta property=\"og:image:width\" content=\"600\" \/>\n\t<meta property=\"og:image:height\" content=\"400\" \/>\n\t<meta property=\"og:image:type\" content=\"image\/jpeg\" \/>\n<meta name=\"author\" content=\"dxv_webmaster\" \/>\n<meta name=\"twitter:card\" content=\"summary_large_image\" \/>\n<meta name=\"twitter:creator\" content=\"@Wirtz_Gardens\" \/>\n<meta name=\"twitter:site\" content=\"@Wirtz_Gardens\" \/>\n<meta name=\"twitter:label1\" content=\"\u00c9crit par\" \/>\n\t<meta name=\"twitter:data1\" content=\"dxv_webmaster\" \/>\n<script type=\"application\/ld+json\" class=\"yoast-schema-graph\">{\"@context\":\"https:\\\/\\\/schema.org\",\"@graph\":[{\"@type\":\"Article\",\"@id\":\"https:\\\/\\\/wirtznv.com\\\/fr\\\/notice-of-office-closure-during-christmas-and-new-years-holidays\\\/#article\",\"isPartOf\":{\"@id\":\"https:\\\/\\\/wirtznv.com\\\/fr\\\/notice-of-office-closure-during-christmas-and-new-years-holidays\\\/\"},\"author\":{\"name\":\"dxv_webmaster\",\"@id\":\"https:\\\/\\\/wirtznv.com\\\/fr\\\/#\\\/schema\\\/person\\\/238ae8b6d8292a0cce4aba73db1f4de7\"},\"headline\":\"Notice of office closure during Christmas and New Year\u2019s Holidays\",\"datePublished\":\"2020-12-18T09:35:29+00:00\",\"dateModified\":\"2021-04-29T07:56:14+00:00\",\"mainEntityOfPage\":{\"@id\":\"https:\\\/\\\/wirtznv.com\\\/fr\\\/notice-of-office-closure-during-christmas-and-new-years-holidays\\\/\"},\"wordCount\":78,\"publisher\":{\"@id\":\"https:\\\/\\\/wirtznv.com\\\/fr\\\/#organization\"},\"image\":{\"@id\":\"https:\\\/\\\/wirtznv.com\\\/fr\\\/notice-of-office-closure-during-christmas-and-new-years-holidays\\\/#primaryimage\"},\"thumbnailUrl\":\"https:\\\/\\\/wirtznv.com\\\/wp-content\\\/uploads\\\/2020\\\/12\\\/Wirtz-Garden-Schoten-3.jpg\",\"articleSection\":[\"Non classifi\u00e9(e)\"],\"inLanguage\":\"fr-FR\"},{\"@type\":\"WebPage\",\"@id\":\"https:\\\/\\\/wirtznv.com\\\/fr\\\/notice-of-office-closure-during-christmas-and-new-years-holidays\\\/\",\"url\":\"https:\\\/\\\/wirtznv.com\\\/fr\\\/notice-of-office-closure-during-christmas-and-new-years-holidays\\\/\",\"name\":\"Notice of office closure during Christmas and New Year\u2019s Holidays | Wirtz NV\",\"isPartOf\":{\"@id\":\"https:\\\/\\\/wirtznv.com\\\/fr\\\/#website\"},\"primaryImageOfPage\":{\"@id\":\"https:\\\/\\\/wirtznv.com\\\/fr\\\/notice-of-office-closure-during-christmas-and-new-years-holidays\\\/#primaryimage\"},\"image\":{\"@id\":\"https:\\\/\\\/wirtznv.com\\\/fr\\\/notice-of-office-closure-during-christmas-and-new-years-holidays\\\/#primaryimage\"},\"thumbnailUrl\":\"https:\\\/\\\/wirtznv.com\\\/wp-content\\\/uploads\\\/2020\\\/12\\\/Wirtz-Garden-Schoten-3.jpg\",\"datePublished\":\"2020-12-18T09:35:29+00:00\",\"dateModified\":\"2021-04-29T07:56:14+00:00\",\"description\":\"Notice of office closure during Christmas and New Year\u2019s Holidays.\",\"breadcrumb\":{\"@id\":\"https:\\\/\\\/wirtznv.com\\\/fr\\\/notice-of-office-closure-during-christmas-and-new-years-holidays\\\/#breadcrumb\"},\"inLanguage\":\"fr-FR\",\"potentialAction\":[{\"@type\":\"ReadAction\",\"target\":[\"https:\\\/\\\/wirtznv.com\\\/fr\\\/notice-of-office-closure-during-christmas-and-new-years-holidays\\\/\"]}]},{\"@type\":\"ImageObject\",\"inLanguage\":\"fr-FR\",\"@id\":\"https:\\\/\\\/wirtznv.com\\\/fr\\\/notice-of-office-closure-during-christmas-and-new-years-holidays\\\/#primaryimage\",\"url\":\"https:\\\/\\\/wirtznv.com\\\/wp-content\\\/uploads\\\/2020\\\/12\\\/Wirtz-Garden-Schoten-3.jpg\",\"contentUrl\":\"https:\\\/\\\/wirtznv.com\\\/wp-content\\\/uploads\\\/2020\\\/12\\\/Wirtz-Garden-Schoten-3.jpg\",\"width\":600,\"height\":400},{\"@type\":\"BreadcrumbList\",\"@id\":\"https:\\\/\\\/wirtznv.com\\\/fr\\\/notice-of-office-closure-during-christmas-and-new-years-holidays\\\/#breadcrumb\",\"itemListElement\":[{\"@type\":\"ListItem\",\"position\":1,\"name\":\"Home\",\"item\":\"https:\\\/\\\/wirtznv.com\\\/fr\\\/\"},{\"@type\":\"ListItem\",\"position\":2,\"name\":\"Notice of office closure during Christmas and New Year\u2019s Holidays\"}]},{\"@type\":\"WebSite\",\"@id\":\"https:\\\/\\\/wirtznv.com\\\/fr\\\/#website\",\"url\":\"https:\\\/\\\/wirtznv.com\\\/fr\\\/\",\"name\":\"Wirtz NV\",\"description\":\"\",\"publisher\":{\"@id\":\"https:\\\/\\\/wirtznv.com\\\/fr\\\/#organization\"},\"potentialAction\":[{\"@type\":\"SearchAction\",\"target\":{\"@type\":\"EntryPoint\",\"urlTemplate\":\"https:\\\/\\\/wirtznv.com\\\/fr\\\/?s={search_term_string}\"},\"query-input\":{\"@type\":\"PropertyValueSpecification\",\"valueRequired\":true,\"valueName\":\"search_term_string\"}}],\"inLanguage\":\"fr-FR\"},{\"@type\":\"Organization\",\"@id\":\"https:\\\/\\\/wirtznv.com\\\/fr\\\/#organization\",\"name\":\"Wirtz International Landscape Architects\",\"alternateName\":\"Wirtz NV\",\"url\":\"https:\\\/\\\/wirtznv.com\\\/fr\\\/\",\"logo\":{\"@type\":\"ImageObject\",\"inLanguage\":\"fr-FR\",\"@id\":\"https:\\\/\\\/wirtznv.com\\\/fr\\\/#\\\/schema\\\/logo\\\/image\\\/\",\"url\":\"https:\\\/\\\/wirtznv.com\\\/wp-content\\\/uploads\\\/2021\\\/03\\\/logo_header@2x-1.png\",\"contentUrl\":\"https:\\\/\\\/wirtznv.com\\\/wp-content\\\/uploads\\\/2021\\\/03\\\/logo_header@2x-1.png\",\"width\":177,\"height\":161,\"caption\":\"Wirtz International Landscape Architects\"},\"image\":{\"@id\":\"https:\\\/\\\/wirtznv.com\\\/fr\\\/#\\\/schema\\\/logo\\\/image\\\/\"},\"sameAs\":[\"https:\\\/\\\/x.com\\\/Wirtz_Gardens\",\"https:\\\/\\\/www.instagram.com\\\/Wirtz_International\\\/\"],\"description\":\"Wirtz International Landscape Architects est un bureau belge d'architecture des jardins et du paysage \u00e9tabli \u00e0 Schoten, pr\u00e8s d'Anvers, fond\u00e9 par Jacques Wirtz. Le bureau con\u00e7oit des jardins priv\u00e9s, des jardins d'entreprise, des espaces publics et des jardins sur toit, en Belgique et \u00e0 l'\u00e9tranger.\",\"address\":{\"@type\":\"PostalAddress\",\"streetAddress\":\"Botermelkdijk 464\",\"addressLocality\":\"Schoten\",\"postalCode\":\"2900\",\"addressCountry\":\"BE\"},\"telephone\":\"+32 3 680 13 22\",\"email\":\"info@wirtznv.be\",\"founder\":{\"@type\":\"Person\",\"name\":\"Jacques Wirtz\",\"birthDate\":\"1924\",\"jobTitle\":\"Landscape architect\",\"description\":\"Belgisch tuin- en landschapsarchitect, geboren in Antwerpen in 1924, oprichter van het bureau.\"},\"knowsAbout\":[\"Landscape architecture\",\"Garden design\",\"Public space design\",\"Roof gardens\",\"Private gardens\"],\"areaServed\":[\"BE\",\"NL\",\"FR\",\"DE\",\"GB\",\"US\",\"ES\",\"CH\",\"PL\"],\"foundingDate\":\"1950\",\"employee\":[{\"@type\":\"Person\",\"name\":\"Martin Wirtz\",\"jobTitle\":\"Landscape architect\"},{\"@type\":\"Person\",\"name\":\"Peter Wirtz\",\"jobTitle\":\"Landscape architect\"}],\"location\":[{\"@type\":\"Place\",\"name\":\"Wirtz International Landscape Architects \u2014 Schoten\",\"address\":{\"@type\":\"PostalAddress\",\"streetAddress\":\"Botermelkdijk 464\",\"addressLocality\":\"Schoten\",\"postalCode\":\"2900\",\"addressCountry\":\"BE\"},\"telephone\":\"+32 3 680 13 22\"},{\"@type\":\"Place\",\"name\":\"Wirtz International Landscape Architects \u2014 Hamburg\",\"address\":{\"@type\":\"PostalAddress\",\"streetAddress\":\"Armgartstra\u00dfe 4\",\"addressLocality\":\"Hamburg\",\"postalCode\":\"22087\",\"addressCountry\":\"DE\"},\"telephone\":\"+49 40 226 30336\"},{\"@type\":\"Place\",\"name\":\"Wirtz International Landscape Architects \u2014 Glastonbury\",\"address\":{\"@type\":\"PostalAddress\",\"streetAddress\":\"100 Western Blvd\",\"addressLocality\":\"Glastonbury\",\"addressRegion\":\"CT\",\"postalCode\":\"06033\",\"addressCountry\":\"US\"}}]},{\"@type\":\"Person\",\"@id\":\"https:\\\/\\\/wirtznv.com\\\/fr\\\/#\\\/schema\\\/person\\\/238ae8b6d8292a0cce4aba73db1f4de7\",\"name\":\"dxv_webmaster\",\"image\":{\"@type\":\"ImageObject\",\"inLanguage\":\"fr-FR\",\"@id\":\"https:\\\/\\\/secure.gravatar.com\\\/avatar\\\/4ac4d7ab1873815315009d11c27ceb03fab8cfaa9cacc1396d8c439780e46067?s=96&d=mm&r=g\",\"url\":\"https:\\\/\\\/secure.gravatar.com\\\/avatar\\\/4ac4d7ab1873815315009d11c27ceb03fab8cfaa9cacc1396d8c439780e46067?s=96&d=mm&r=g\",\"contentUrl\":\"https:\\\/\\\/secure.gravatar.com\\\/avatar\\\/4ac4d7ab1873815315009d11c27ceb03fab8cfaa9cacc1396d8c439780e46067?s=96&d=mm&r=g\",\"caption\":\"dxv_webmaster\"},\"sameAs\":[\"https:\\\/\\\/wirtznv.com\"]}]}<\/script>\n<!-- \/ Yoast SEO plugin. -->","yoast_head_json":{"title":"Notice of office closure during Christmas and New Year\u2019s Holidays | Wirtz NV","description":"Notice of office closure during Christmas and New Year\u2019s Holidays.","robots":{"index":"index","follow":"follow","max-snippet":"max-snippet:-1","max-image-preview":"max-image-preview:large","max-video-preview":"max-video-preview:-1"},"canonical":"https:\/\/wirtznv.com\/fr\/notice-of-office-closure-during-christmas-and-new-years-holidays\/","og_locale":"fr_FR","og_type":"article","og_title":"Notice of office closure during Christmas and New Year\u2019s Holidays | Wirtz NV","og_description":"Notice of office closure during Christmas and New Year\u2019s Holidays.","og_url":"https:\/\/wirtznv.com\/fr\/notice-of-office-closure-during-christmas-and-new-years-holidays\/","og_site_name":"Wirtz NV","article_published_time":"2020-12-18T09:35:29+00:00","article_modified_time":"2021-04-29T07:56:14+00:00","og_image":[{"width":600,"height":400,"url":"https:\/\/wirtznv.com\/wp-content\/uploads\/2020\/12\/Wirtz-Garden-Schoten-3.jpg","type":"image\/jpeg"}],"author":"dxv_webmaster","twitter_card":"summary_large_image","twitter_creator":"@Wirtz_Gardens","twitter_site":"@Wirtz_Gardens","twitter_misc":{"\u00c9crit par":"dxv_webmaster"},"schema":{"@context":"https:\/\/schema.org","@graph":[{"@type":"Article","@id":"https:\/\/wirtznv.com\/fr\/notice-of-office-closure-during-christmas-and-new-years-holidays\/#article","isPartOf":{"@id":"https:\/\/wirtznv.com\/fr\/notice-of-office-closure-during-christmas-and-new-years-holidays\/"},"author":{"name":"dxv_webmaster","@id":"https:\/\/wirtznv.com\/fr\/#\/schema\/person\/238ae8b6d8292a0cce4aba73db1f4de7"},"headline":"Notice of office closure during Christmas and New Year\u2019s Holidays","datePublished":"2020-12-18T09:35:29+00:00","dateModified":"2021-04-29T07:56:14+00:00","mainEntityOfPage":{"@id":"https:\/\/wirtznv.com\/fr\/notice-of-office-closure-during-christmas-and-new-years-holidays\/"},"wordCount":78,"publisher":{"@id":"https:\/\/wirtznv.com\/fr\/#organization"},"image":{"@id":"https:\/\/wirtznv.com\/fr\/notice-of-office-closure-during-christmas-and-new-years-holidays\/#primaryimage"},"thumbnailUrl":"https:\/\/wirtznv.com\/wp-content\/uploads\/2020\/12\/Wirtz-Garden-Schoten-3.jpg","articleSection":["Non classifi\u00e9(e)"],"inLanguage":"fr-FR"},{"@type":"WebPage","@id":"https:\/\/wirtznv.com\/fr\/notice-of-office-closure-during-christmas-and-new-years-holidays\/","url":"https:\/\/wirtznv.com\/fr\/notice-of-office-closure-during-christmas-and-new-years-holidays\/","name":"Notice of office closure during Christmas and New Year\u2019s Holidays | Wirtz NV","isPartOf":{"@id":"https:\/\/wirtznv.com\/fr\/#website"},"primaryImageOfPage":{"@id":"https:\/\/wirtznv.com\/fr\/notice-of-office-closure-during-christmas-and-new-years-holidays\/#primaryimage"},"image":{"@id":"https:\/\/wirtznv.com\/fr\/notice-of-office-closure-during-christmas-and-new-years-holidays\/#primaryimage"},"thumbnailUrl":"https:\/\/wirtznv.com\/wp-content\/uploads\/2020\/12\/Wirtz-Garden-Schoten-3.jpg","datePublished":"2020-12-18T09:35:29+00:00","dateModified":"2021-04-29T07:56:14+00:00","description":"Notice of office closure during Christmas and New Year\u2019s Holidays.","breadcrumb":{"@id":"https:\/\/wirtznv.com\/fr\/notice-of-office-closure-during-christmas-and-new-years-holidays\/#breadcrumb"},"inLanguage":"fr-FR","potentialAction":[{"@type":"ReadAction","target":["https:\/\/wirtznv.com\/fr\/notice-of-office-closure-during-christmas-and-new-years-holidays\/"]}]},{"@type":"ImageObject","inLanguage":"fr-FR","@id":"https:\/\/wirtznv.com\/fr\/notice-of-office-closure-during-christmas-and-new-years-holidays\/#primaryimage","url":"https:\/\/wirtznv.com\/wp-content\/uploads\/2020\/12\/Wirtz-Garden-Schoten-3.jpg","contentUrl":"https:\/\/wirtznv.com\/wp-content\/uploads\/2020\/12\/Wirtz-Garden-Schoten-3.jpg","width":600,"height":400},{"@type":"BreadcrumbList","@id":"https:\/\/wirtznv.com\/fr\/notice-of-office-closure-during-christmas-and-new-years-holidays\/#breadcrumb","itemListElement":[{"@type":"ListItem","position":1,"name":"Home","item":"https:\/\/wirtznv.com\/fr\/"},{"@type":"ListItem","position":2,"name":"Notice of office closure during Christmas and New Year\u2019s Holidays"}]},{"@type":"WebSite","@id":"https:\/\/wirtznv.com\/fr\/#website","url":"https:\/\/wirtznv.com\/fr\/","name":"Wirtz NV","description":"","publisher":{"@id":"https:\/\/wirtznv.com\/fr\/#organization"},"potentialAction":[{"@type":"SearchAction","target":{"@type":"EntryPoint","urlTemplate":"https:\/\/wirtznv.com\/fr\/?s={search_term_string}"},"query-input":{"@type":"PropertyValueSpecification","valueRequired":true,"valueName":"search_term_string"}}],"inLanguage":"fr-FR"},{"@type":"Organization","@id":"https:\/\/wirtznv.com\/fr\/#organization","name":"Wirtz International Landscape Architects","alternateName":"Wirtz NV","url":"https:\/\/wirtznv.com\/fr\/","logo":{"@type":"ImageObject","inLanguage":"fr-FR","@id":"https:\/\/wirtznv.com\/fr\/#\/schema\/logo\/image\/","url":"https:\/\/wirtznv.com\/wp-content\/uploads\/2021\/03\/logo_header@2x-1.png","contentUrl":"https:\/\/wirtznv.com\/wp-content\/uploads\/2021\/03\/logo_header@2x-1.png","width":177,"height":161,"caption":"Wirtz International Landscape Architects"},"image":{"@id":"https:\/\/wirtznv.com\/fr\/#\/schema\/logo\/image\/"},"sameAs":["https:\/\/x.com\/Wirtz_Gardens","https:\/\/www.instagram.com\/Wirtz_International\/"],"description":"Wirtz International Landscape Architects est un bureau belge d'architecture des jardins et du paysage \u00e9tabli \u00e0 Schoten, pr\u00e8s d'Anvers, fond\u00e9 par Jacques Wirtz. Le bureau con\u00e7oit des jardins priv\u00e9s, des jardins d'entreprise, des espaces publics et des jardins sur toit, en Belgique et \u00e0 l'\u00e9tranger.","address":{"@type":"PostalAddress","streetAddress":"Botermelkdijk 464","addressLocality":"Schoten","postalCode":"2900","addressCountry":"BE"},"telephone":"+32 3 680 13 22","email":"info@wirtznv.be","founder":{"@type":"Person","name":"Jacques Wirtz","birthDate":"1924","jobTitle":"Landscape architect","description":"Belgisch tuin- en landschapsarchitect, geboren in Antwerpen in 1924, oprichter van het bureau."},"knowsAbout":["Landscape architecture","Garden design","Public space design","Roof gardens","Private gardens"],"areaServed":["BE","NL","FR","DE","GB","US","ES","CH","PL"],"foundingDate":"1950","employee":[{"@type":"Person","name":"Martin Wirtz","jobTitle":"Landscape architect"},{"@type":"Person","name":"Peter Wirtz","jobTitle":"Landscape architect"}],"location":[{"@type":"Place","name":"Wirtz International Landscape Architects \u2014 Schoten","address":{"@type":"PostalAddress","streetAddress":"Botermelkdijk 464","addressLocality":"Schoten","postalCode":"2900","addressCountry":"BE"},"telephone":"+32 3 680 13 22"},{"@type":"Place","name":"Wirtz International Landscape Architects \u2014 Hamburg","address":{"@type":"PostalAddress","streetAddress":"Armgartstra\u00dfe 4","addressLocality":"Hamburg","postalCode":"22087","addressCountry":"DE"},"telephone":"+49 40 226 30336"},{"@type":"Place","name":"Wirtz International Landscape Architects \u2014 Glastonbury","address":{"@type":"PostalAddress","streetAddress":"100 Western Blvd","addressLocality":"Glastonbury","addressRegion":"CT","postalCode":"06033","addressCountry":"US"}}]},{"@type":"Person","@id":"https:\/\/wirtznv.com\/fr\/#\/schema\/person\/238ae8b6d8292a0cce4aba73db1f4de7","name":"dxv_webmaster","image":{"@type":"ImageObject","inLanguage":"fr-FR","@id":"https:\/\/secure.gravatar.com\/avatar\/4ac4d7ab1873815315009d11c27ceb03fab8cfaa9cacc1396d8c439780e46067?s=96&d=mm&r=g","url":"https:\/\/secure.gravatar.com\/avatar\/4ac4d7ab1873815315009d11c27ceb03fab8cfaa9cacc1396d8c439780e46067?s=96&d=mm&r=g","contentUrl":"https:\/\/secure.gravatar.com\/avatar\/4ac4d7ab1873815315009d11c27ceb03fab8cfaa9cacc1396d8c439780e46067?s=96&d=mm&r=g","caption":"dxv_webmaster"},"sameAs":["https:\/\/wirtznv.com"]}]}},"_links":{"self":[{"href":"https:\/\/wirtznv.com\/fr\/wp-json\/wp\/v2\/posts\/6569","targetHints":{"allow":["GET"]}}],"collection":[{"href":"https:\/\/wirtznv.com\/fr\/wp-json\/wp\/v2\/posts"}],"about":[{"href":"https:\/\/wirtznv.com\/fr\/wp-json\/wp\/v2\/types\/post"}],"author":[{"embeddable":true,"href":"https:\/\/wirtznv.com\/fr\/wp-json\/wp\/v2\/users\/1"}],"replies":[{"embeddable":true,"href":"https:\/\/wirtznv.com\/fr\/wp-json\/wp\/v2\/comments?post=6569"}],"version-history":[{"count":0,"href":"https:\/\/wirtznv.com\/fr\/wp-json\/wp\/v2\/posts\/6569\/revisions"}],"wp:featuredmedia":[{"embeddable":true,"href":"https:\/\/wirtznv.com\/fr\/wp-json\/wp\/v2\/media\/7523"}],"wp:attachment":[{"href":"https:\/\/wirtznv.com\/fr\/wp-json\/wp\/v2\/media?parent=6569"}],"wp:term":[{"taxonomy":"category","embeddable":true,"href":"https:\/\/wirtznv.com\/fr\/wp-json\/wp\/v2\/categories?post=6569"},{"taxonomy":"post_tag","embeddable":true,"href":"https:\/\/wirtznv.com\/fr\/wp-json\/wp\/v2\/tags?post=6569"}],"curies":[{"name":"wp","href":"https:\/\/api.w.org\/{rel}","templated":true}]}}