{"id":6751,"date":"2019-02-13T12:27:17","date_gmt":"2019-02-13T12:27:17","guid":{"rendered":"https:\/\/wirtznv.com\/landscape-construction-in-progress-toyota-material-handling-willebroek\/"},"modified":"2024-05-28T11:57:55","modified_gmt":"2024-05-28T09:57:55","slug":"landschaftsbau-schreitet-voran-toyota-material-handling-willebroek","status":"publish","type":"post","link":"https:\/\/wirtznv.com\/de\/landschaftsbau-schreitet-voran-toyota-material-handling-willebroek\/","title":{"rendered":"Landschaftsbau schreitet voran: Toyota Material Handling, Willebroek"},"content":{"rendered":"<p>Am 21. Januar 2019 ist Toyota Material Handling in seinen neuen Hauptsitz im MG Business Park &#8222;De Hulst&#8220; in Willebroek (Belgien) umgezogen, der an der N16 zwischen Antwerpen und Br\u00fcssel liegt. Hier sind der belgische und der europ\u00e4ische Hauptsitz unter einem Dach vereint.\u202f<a href=\"http:\/\/www.mgrealestate.eu\/\">MG Real Estate<\/a>\u202fwar f\u00fcr den Bau des Geb\u00e4udes mit mehreren Konferenzr\u00e4umen, Schulungszentrum, Ausstellungsraum und Lager verantwortlich.<\/p>\n<p>Der Eingangsbereich wurde von\u202f<a href=\"https:\/\/wirtznv.com\/de\/ueber-uns\/\">Wirtz International<\/a> entworfen\u202fund befindet sich derzeit noch im Bau. Er ist gekennzeichnet durch drei\u202f<strong>schlangenf\u00f6rmige Buchenhecken<\/strong>\u202f(Fagus sylvatica), die Besucher und Mitarbeiter zum Haupteingang des Komplexes f\u00fchren. Die Hecken durchschneiden vier Betonstufen, die den H\u00f6henunterschied zwischen dem Eingang und dem Parkplatz ausgleichen. Die dynamischen Bewegungen bilden ein spielerisches Ganzes, das mit dem modernen, minimalistischen Komplex kontrastiert. Gruppen von\u202f(bl\u00fchenden) <strong>mehrst\u00e4mmigen B\u00e4umen<\/strong>\u202fbilden einen zus\u00e4tzlichen interessanten Blickpunkt.<\/p>\n<p>Der Landschaftsbau wird bis zum Fr\u00fchjahr 2019 abgeschlossen sein.<\/p>\n","protected":false},"excerpt":{"rendered":"<p>Am 21. Januar 2019 ist Toyota Material Handling in seinen neuen Hauptsitz im MG Business Park &#8222;De Hulst&#8220; in Willebroek (Belgien) umgezogen, der an der N16 zwischen Antwerpen und Br\u00fcssel liegt. Hier sind der belgische und der europ\u00e4ische Hauptsitz unter [&hellip;]<\/p>\n","protected":false},"author":1,"featured_media":8222,"comment_status":"closed","ping_status":"open","sticky":false,"template":"","format":"standard","meta":{"_acf_changed":false,"footnotes":""},"categories":[2],"tags":[],"class_list":["post-6751","post","type-post","status-publish","format-standard","has-post-thumbnail","hentry","category-unkategorisiert"],"acf":[],"yoast_head":"<!-- This site is optimized with the Yoast SEO plugin v28.3 - https:\/\/yoast.com\/product\/yoast-seo-wordpress\/ -->\n<title>Landschaftsbau Toyota Material Handling | Wirtz International<\/title>\n<meta name=\"description\" content=\"Am 21. Januar 2019 ist Toyota Material Handling in seinen neuen Hauptsitz im MG Business Park &quot;De Hulst&quot; in Willebroek (Belgien) umgezogen.\" \/>\n<meta name=\"robots\" content=\"index, follow, max-snippet:-1, max-image-preview:large, max-video-preview:-1\" \/>\n<link rel=\"canonical\" href=\"https:\/\/wirtznv.com\/de\/landschaftsbau-schreitet-voran-toyota-material-handling-willebroek\/\" \/>\n<meta property=\"og:locale\" content=\"de_DE\" \/>\n<meta property=\"og:type\" content=\"article\" \/>\n<meta property=\"og:title\" content=\"Landschaftsbau Toyota Material Handling | Wirtz International\" \/>\n<meta property=\"og:description\" content=\"Am 21. Januar 2019 ist Toyota Material Handling in seinen neuen Hauptsitz im MG Business Park &quot;De Hulst&quot; in Willebroek (Belgien) umgezogen.\" \/>\n<meta property=\"og:url\" content=\"https:\/\/wirtznv.com\/de\/landschaftsbau-schreitet-voran-toyota-material-handling-willebroek\/\" \/>\n<meta property=\"og:site_name\" content=\"Wirtz NV\" \/>\n<meta property=\"article:published_time\" content=\"2019-02-13T12:27:17+00:00\" \/>\n<meta property=\"article:modified_time\" content=\"2024-05-28T09:57:55+00:00\" \/>\n<meta property=\"og:image\" content=\"https:\/\/wirtznv.com\/wp-content\/uploads\/2019\/02\/News-Landscape-Construction-In-Progress-Toyota-Material-Handling-Willebroek.jpg\" \/>\n\t<meta property=\"og:image:width\" content=\"2000\" \/>\n\t<meta property=\"og:image:height\" content=\"1333\" \/>\n\t<meta property=\"og:image:type\" content=\"image\/jpeg\" \/>\n<meta name=\"author\" content=\"dxv_webmaster\" \/>\n<meta name=\"twitter:card\" content=\"summary_large_image\" \/>\n<meta name=\"twitter:creator\" content=\"@Wirtz_Gardens\" \/>\n<meta name=\"twitter:site\" content=\"@Wirtz_Gardens\" \/>\n<meta name=\"twitter:label1\" content=\"Verfasst von\" \/>\n\t<meta name=\"twitter:data1\" content=\"dxv_webmaster\" \/>\n\t<meta name=\"twitter:label2\" content=\"Gesch\u00e4tzte Lesezeit\" \/>\n\t<meta name=\"twitter:data2\" content=\"1\u00a0Minute\" \/>\n<script type=\"application\/ld+json\" class=\"yoast-schema-graph\">{\"@context\":\"https:\\\/\\\/schema.org\",\"@graph\":[{\"@type\":\"Article\",\"@id\":\"https:\\\/\\\/wirtznv.com\\\/de\\\/landschaftsbau-schreitet-voran-toyota-material-handling-willebroek\\\/#article\",\"isPartOf\":{\"@id\":\"https:\\\/\\\/wirtznv.com\\\/de\\\/landschaftsbau-schreitet-voran-toyota-material-handling-willebroek\\\/\"},\"author\":{\"name\":\"dxv_webmaster\",\"@id\":\"https:\\\/\\\/wirtznv.com\\\/de\\\/#\\\/schema\\\/person\\\/238ae8b6d8292a0cce4aba73db1f4de7\"},\"headline\":\"Landschaftsbau schreitet voran: Toyota Material Handling, Willebroek\",\"datePublished\":\"2019-02-13T12:27:17+00:00\",\"dateModified\":\"2024-05-28T09:57:55+00:00\",\"mainEntityOfPage\":{\"@id\":\"https:\\\/\\\/wirtznv.com\\\/de\\\/landschaftsbau-schreitet-voran-toyota-material-handling-willebroek\\\/\"},\"wordCount\":157,\"publisher\":{\"@id\":\"https:\\\/\\\/wirtznv.com\\\/de\\\/#organization\"},\"image\":{\"@id\":\"https:\\\/\\\/wirtznv.com\\\/de\\\/landschaftsbau-schreitet-voran-toyota-material-handling-willebroek\\\/#primaryimage\"},\"thumbnailUrl\":\"https:\\\/\\\/wirtznv.com\\\/wp-content\\\/uploads\\\/2019\\\/02\\\/News-Landscape-Construction-In-Progress-Toyota-Material-Handling-Willebroek.jpg\",\"articleSection\":[\"Unkategorisiert\"],\"inLanguage\":\"de\"},{\"@type\":\"WebPage\",\"@id\":\"https:\\\/\\\/wirtznv.com\\\/de\\\/landschaftsbau-schreitet-voran-toyota-material-handling-willebroek\\\/\",\"url\":\"https:\\\/\\\/wirtznv.com\\\/de\\\/landschaftsbau-schreitet-voran-toyota-material-handling-willebroek\\\/\",\"name\":\"Landschaftsbau Toyota Material Handling | Wirtz International\",\"isPartOf\":{\"@id\":\"https:\\\/\\\/wirtznv.com\\\/de\\\/#website\"},\"primaryImageOfPage\":{\"@id\":\"https:\\\/\\\/wirtznv.com\\\/de\\\/landschaftsbau-schreitet-voran-toyota-material-handling-willebroek\\\/#primaryimage\"},\"image\":{\"@id\":\"https:\\\/\\\/wirtznv.com\\\/de\\\/landschaftsbau-schreitet-voran-toyota-material-handling-willebroek\\\/#primaryimage\"},\"thumbnailUrl\":\"https:\\\/\\\/wirtznv.com\\\/wp-content\\\/uploads\\\/2019\\\/02\\\/News-Landscape-Construction-In-Progress-Toyota-Material-Handling-Willebroek.jpg\",\"datePublished\":\"2019-02-13T12:27:17+00:00\",\"dateModified\":\"2024-05-28T09:57:55+00:00\",\"description\":\"Am 21. Januar 2019 ist Toyota Material Handling in seinen neuen Hauptsitz im MG Business Park \\\"De Hulst\\\" in Willebroek (Belgien) umgezogen.\",\"breadcrumb\":{\"@id\":\"https:\\\/\\\/wirtznv.com\\\/de\\\/landschaftsbau-schreitet-voran-toyota-material-handling-willebroek\\\/#breadcrumb\"},\"inLanguage\":\"de\",\"potentialAction\":[{\"@type\":\"ReadAction\",\"target\":[\"https:\\\/\\\/wirtznv.com\\\/de\\\/landschaftsbau-schreitet-voran-toyota-material-handling-willebroek\\\/\"]}]},{\"@type\":\"ImageObject\",\"inLanguage\":\"de\",\"@id\":\"https:\\\/\\\/wirtznv.com\\\/de\\\/landschaftsbau-schreitet-voran-toyota-material-handling-willebroek\\\/#primaryimage\",\"url\":\"https:\\\/\\\/wirtznv.com\\\/wp-content\\\/uploads\\\/2019\\\/02\\\/News-Landscape-Construction-In-Progress-Toyota-Material-Handling-Willebroek.jpg\",\"contentUrl\":\"https:\\\/\\\/wirtznv.com\\\/wp-content\\\/uploads\\\/2019\\\/02\\\/News-Landscape-Construction-In-Progress-Toyota-Material-Handling-Willebroek.jpg\",\"width\":2000,\"height\":1333},{\"@type\":\"BreadcrumbList\",\"@id\":\"https:\\\/\\\/wirtznv.com\\\/de\\\/landschaftsbau-schreitet-voran-toyota-material-handling-willebroek\\\/#breadcrumb\",\"itemListElement\":[{\"@type\":\"ListItem\",\"position\":1,\"name\":\"Home\",\"item\":\"https:\\\/\\\/wirtznv.com\\\/de\\\/\"},{\"@type\":\"ListItem\",\"position\":2,\"name\":\"Landschaftsbau schreitet voran: Toyota Material Handling, Willebroek\"}]},{\"@type\":\"WebSite\",\"@id\":\"https:\\\/\\\/wirtznv.com\\\/de\\\/#website\",\"url\":\"https:\\\/\\\/wirtznv.com\\\/de\\\/\",\"name\":\"Wirtz NV\",\"description\":\"\",\"publisher\":{\"@id\":\"https:\\\/\\\/wirtznv.com\\\/de\\\/#organization\"},\"potentialAction\":[{\"@type\":\"SearchAction\",\"target\":{\"@type\":\"EntryPoint\",\"urlTemplate\":\"https:\\\/\\\/wirtznv.com\\\/de\\\/?s={search_term_string}\"},\"query-input\":{\"@type\":\"PropertyValueSpecification\",\"valueRequired\":true,\"valueName\":\"search_term_string\"}}],\"inLanguage\":\"de\"},{\"@type\":\"Organization\",\"@id\":\"https:\\\/\\\/wirtznv.com\\\/de\\\/#organization\",\"name\":\"Wirtz International Landscape Architects\",\"alternateName\":\"Wirtz NV\",\"url\":\"https:\\\/\\\/wirtznv.com\\\/de\\\/\",\"logo\":{\"@type\":\"ImageObject\",\"inLanguage\":\"de\",\"@id\":\"https:\\\/\\\/wirtznv.com\\\/de\\\/#\\\/schema\\\/logo\\\/image\\\/\",\"url\":\"https:\\\/\\\/wirtznv.com\\\/wp-content\\\/uploads\\\/2021\\\/03\\\/logo_header@2x-1.png\",\"contentUrl\":\"https:\\\/\\\/wirtznv.com\\\/wp-content\\\/uploads\\\/2021\\\/03\\\/logo_header@2x-1.png\",\"width\":177,\"height\":161,\"caption\":\"Wirtz International Landscape Architects\"},\"image\":{\"@id\":\"https:\\\/\\\/wirtznv.com\\\/de\\\/#\\\/schema\\\/logo\\\/image\\\/\"},\"sameAs\":[\"https:\\\/\\\/x.com\\\/Wirtz_Gardens\",\"https:\\\/\\\/www.instagram.com\\\/Wirtz_International\\\/\"],\"description\":\"Wirtz International Landscape Architects ist ein belgisches Garten- und Landschaftsarchitekturb\u00fcro in Schoten bei Antwerpen, gegr\u00fcndet von Jacques Wirtz. Das B\u00fcro entwirft Privatg\u00e4rten, Firmeng\u00e4rten, \u00f6ffentliche R\u00e4ume und Dachg\u00e4rten im In- und Ausland.\",\"address\":{\"@type\":\"PostalAddress\",\"streetAddress\":\"Botermelkdijk 464\",\"addressLocality\":\"Schoten\",\"postalCode\":\"2900\",\"addressCountry\":\"BE\"},\"telephone\":\"+32 3 680 13 22\",\"email\":\"info@wirtznv.be\",\"founder\":{\"@type\":\"Person\",\"name\":\"Jacques Wirtz\",\"birthDate\":\"1924\",\"jobTitle\":\"Landscape architect\",\"description\":\"Belgisch tuin- en landschapsarchitect, geboren in Antwerpen in 1924, oprichter van het bureau.\"},\"knowsAbout\":[\"Landscape architecture\",\"Garden design\",\"Public space design\",\"Roof gardens\",\"Private gardens\"],\"areaServed\":[\"BE\",\"NL\",\"FR\",\"DE\",\"GB\",\"US\",\"ES\",\"CH\",\"PL\"],\"foundingDate\":\"1950\",\"employee\":[{\"@type\":\"Person\",\"name\":\"Martin Wirtz\",\"jobTitle\":\"Landscape architect\"},{\"@type\":\"Person\",\"name\":\"Peter Wirtz\",\"jobTitle\":\"Landscape architect\"}],\"location\":[{\"@type\":\"Place\",\"name\":\"Wirtz International Landscape Architects \u2014 Schoten\",\"address\":{\"@type\":\"PostalAddress\",\"streetAddress\":\"Botermelkdijk 464\",\"addressLocality\":\"Schoten\",\"postalCode\":\"2900\",\"addressCountry\":\"BE\"},\"telephone\":\"+32 3 680 13 22\"},{\"@type\":\"Place\",\"name\":\"Wirtz International Landscape Architects \u2014 Hamburg\",\"address\":{\"@type\":\"PostalAddress\",\"streetAddress\":\"Armgartstra\u00dfe 4\",\"addressLocality\":\"Hamburg\",\"postalCode\":\"22087\",\"addressCountry\":\"DE\"},\"telephone\":\"+49 40 226 30336\"},{\"@type\":\"Place\",\"name\":\"Wirtz International Landscape Architects \u2014 Glastonbury\",\"address\":{\"@type\":\"PostalAddress\",\"streetAddress\":\"100 Western Blvd\",\"addressLocality\":\"Glastonbury\",\"addressRegion\":\"CT\",\"postalCode\":\"06033\",\"addressCountry\":\"US\"}}]},{\"@type\":\"Person\",\"@id\":\"https:\\\/\\\/wirtznv.com\\\/de\\\/#\\\/schema\\\/person\\\/238ae8b6d8292a0cce4aba73db1f4de7\",\"name\":\"dxv_webmaster\",\"image\":{\"@type\":\"ImageObject\",\"inLanguage\":\"de\",\"@id\":\"https:\\\/\\\/secure.gravatar.com\\\/avatar\\\/4ac4d7ab1873815315009d11c27ceb03fab8cfaa9cacc1396d8c439780e46067?s=96&d=mm&r=g\",\"url\":\"https:\\\/\\\/secure.gravatar.com\\\/avatar\\\/4ac4d7ab1873815315009d11c27ceb03fab8cfaa9cacc1396d8c439780e46067?s=96&d=mm&r=g\",\"contentUrl\":\"https:\\\/\\\/secure.gravatar.com\\\/avatar\\\/4ac4d7ab1873815315009d11c27ceb03fab8cfaa9cacc1396d8c439780e46067?s=96&d=mm&r=g\",\"caption\":\"dxv_webmaster\"},\"sameAs\":[\"https:\\\/\\\/wirtznv.com\"]}]}<\/script>\n<!-- \/ Yoast SEO plugin. -->","yoast_head_json":{"title":"Landschaftsbau Toyota Material Handling | Wirtz International","description":"Am 21. Januar 2019 ist Toyota Material Handling in seinen neuen Hauptsitz im MG Business Park \"De Hulst\" in Willebroek (Belgien) umgezogen.","robots":{"index":"index","follow":"follow","max-snippet":"max-snippet:-1","max-image-preview":"max-image-preview:large","max-video-preview":"max-video-preview:-1"},"canonical":"https:\/\/wirtznv.com\/de\/landschaftsbau-schreitet-voran-toyota-material-handling-willebroek\/","og_locale":"de_DE","og_type":"article","og_title":"Landschaftsbau Toyota Material Handling | Wirtz International","og_description":"Am 21. Januar 2019 ist Toyota Material Handling in seinen neuen Hauptsitz im MG Business Park \"De Hulst\" in Willebroek (Belgien) umgezogen.","og_url":"https:\/\/wirtznv.com\/de\/landschaftsbau-schreitet-voran-toyota-material-handling-willebroek\/","og_site_name":"Wirtz NV","article_published_time":"2019-02-13T12:27:17+00:00","article_modified_time":"2024-05-28T09:57:55+00:00","og_image":[{"width":2000,"height":1333,"url":"https:\/\/wirtznv.com\/wp-content\/uploads\/2019\/02\/News-Landscape-Construction-In-Progress-Toyota-Material-Handling-Willebroek.jpg","type":"image\/jpeg"}],"author":"dxv_webmaster","twitter_card":"summary_large_image","twitter_creator":"@Wirtz_Gardens","twitter_site":"@Wirtz_Gardens","twitter_misc":{"Verfasst von":"dxv_webmaster","Gesch\u00e4tzte Lesezeit":"1\u00a0Minute"},"schema":{"@context":"https:\/\/schema.org","@graph":[{"@type":"Article","@id":"https:\/\/wirtznv.com\/de\/landschaftsbau-schreitet-voran-toyota-material-handling-willebroek\/#article","isPartOf":{"@id":"https:\/\/wirtznv.com\/de\/landschaftsbau-schreitet-voran-toyota-material-handling-willebroek\/"},"author":{"name":"dxv_webmaster","@id":"https:\/\/wirtznv.com\/de\/#\/schema\/person\/238ae8b6d8292a0cce4aba73db1f4de7"},"headline":"Landschaftsbau schreitet voran: Toyota Material Handling, Willebroek","datePublished":"2019-02-13T12:27:17+00:00","dateModified":"2024-05-28T09:57:55+00:00","mainEntityOfPage":{"@id":"https:\/\/wirtznv.com\/de\/landschaftsbau-schreitet-voran-toyota-material-handling-willebroek\/"},"wordCount":157,"publisher":{"@id":"https:\/\/wirtznv.com\/de\/#organization"},"image":{"@id":"https:\/\/wirtznv.com\/de\/landschaftsbau-schreitet-voran-toyota-material-handling-willebroek\/#primaryimage"},"thumbnailUrl":"https:\/\/wirtznv.com\/wp-content\/uploads\/2019\/02\/News-Landscape-Construction-In-Progress-Toyota-Material-Handling-Willebroek.jpg","articleSection":["Unkategorisiert"],"inLanguage":"de"},{"@type":"WebPage","@id":"https:\/\/wirtznv.com\/de\/landschaftsbau-schreitet-voran-toyota-material-handling-willebroek\/","url":"https:\/\/wirtznv.com\/de\/landschaftsbau-schreitet-voran-toyota-material-handling-willebroek\/","name":"Landschaftsbau Toyota Material Handling | Wirtz International","isPartOf":{"@id":"https:\/\/wirtznv.com\/de\/#website"},"primaryImageOfPage":{"@id":"https:\/\/wirtznv.com\/de\/landschaftsbau-schreitet-voran-toyota-material-handling-willebroek\/#primaryimage"},"image":{"@id":"https:\/\/wirtznv.com\/de\/landschaftsbau-schreitet-voran-toyota-material-handling-willebroek\/#primaryimage"},"thumbnailUrl":"https:\/\/wirtznv.com\/wp-content\/uploads\/2019\/02\/News-Landscape-Construction-In-Progress-Toyota-Material-Handling-Willebroek.jpg","datePublished":"2019-02-13T12:27:17+00:00","dateModified":"2024-05-28T09:57:55+00:00","description":"Am 21. Januar 2019 ist Toyota Material Handling in seinen neuen Hauptsitz im MG Business Park \"De Hulst\" in Willebroek (Belgien) umgezogen.","breadcrumb":{"@id":"https:\/\/wirtznv.com\/de\/landschaftsbau-schreitet-voran-toyota-material-handling-willebroek\/#breadcrumb"},"inLanguage":"de","potentialAction":[{"@type":"ReadAction","target":["https:\/\/wirtznv.com\/de\/landschaftsbau-schreitet-voran-toyota-material-handling-willebroek\/"]}]},{"@type":"ImageObject","inLanguage":"de","@id":"https:\/\/wirtznv.com\/de\/landschaftsbau-schreitet-voran-toyota-material-handling-willebroek\/#primaryimage","url":"https:\/\/wirtznv.com\/wp-content\/uploads\/2019\/02\/News-Landscape-Construction-In-Progress-Toyota-Material-Handling-Willebroek.jpg","contentUrl":"https:\/\/wirtznv.com\/wp-content\/uploads\/2019\/02\/News-Landscape-Construction-In-Progress-Toyota-Material-Handling-Willebroek.jpg","width":2000,"height":1333},{"@type":"BreadcrumbList","@id":"https:\/\/wirtznv.com\/de\/landschaftsbau-schreitet-voran-toyota-material-handling-willebroek\/#breadcrumb","itemListElement":[{"@type":"ListItem","position":1,"name":"Home","item":"https:\/\/wirtznv.com\/de\/"},{"@type":"ListItem","position":2,"name":"Landschaftsbau schreitet voran: Toyota Material Handling, Willebroek"}]},{"@type":"WebSite","@id":"https:\/\/wirtznv.com\/de\/#website","url":"https:\/\/wirtznv.com\/de\/","name":"Wirtz NV","description":"","publisher":{"@id":"https:\/\/wirtznv.com\/de\/#organization"},"potentialAction":[{"@type":"SearchAction","target":{"@type":"EntryPoint","urlTemplate":"https:\/\/wirtznv.com\/de\/?s={search_term_string}"},"query-input":{"@type":"PropertyValueSpecification","valueRequired":true,"valueName":"search_term_string"}}],"inLanguage":"de"},{"@type":"Organization","@id":"https:\/\/wirtznv.com\/de\/#organization","name":"Wirtz International Landscape Architects","alternateName":"Wirtz NV","url":"https:\/\/wirtznv.com\/de\/","logo":{"@type":"ImageObject","inLanguage":"de","@id":"https:\/\/wirtznv.com\/de\/#\/schema\/logo\/image\/","url":"https:\/\/wirtznv.com\/wp-content\/uploads\/2021\/03\/logo_header@2x-1.png","contentUrl":"https:\/\/wirtznv.com\/wp-content\/uploads\/2021\/03\/logo_header@2x-1.png","width":177,"height":161,"caption":"Wirtz International Landscape Architects"},"image":{"@id":"https:\/\/wirtznv.com\/de\/#\/schema\/logo\/image\/"},"sameAs":["https:\/\/x.com\/Wirtz_Gardens","https:\/\/www.instagram.com\/Wirtz_International\/"],"description":"Wirtz International Landscape Architects ist ein belgisches Garten- und Landschaftsarchitekturb\u00fcro in Schoten bei Antwerpen, gegr\u00fcndet von Jacques Wirtz. Das B\u00fcro entwirft Privatg\u00e4rten, Firmeng\u00e4rten, \u00f6ffentliche R\u00e4ume und Dachg\u00e4rten im In- und Ausland.","address":{"@type":"PostalAddress","streetAddress":"Botermelkdijk 464","addressLocality":"Schoten","postalCode":"2900","addressCountry":"BE"},"telephone":"+32 3 680 13 22","email":"info@wirtznv.be","founder":{"@type":"Person","name":"Jacques Wirtz","birthDate":"1924","jobTitle":"Landscape architect","description":"Belgisch tuin- en landschapsarchitect, geboren in Antwerpen in 1924, oprichter van het bureau."},"knowsAbout":["Landscape architecture","Garden design","Public space design","Roof gardens","Private gardens"],"areaServed":["BE","NL","FR","DE","GB","US","ES","CH","PL"],"foundingDate":"1950","employee":[{"@type":"Person","name":"Martin Wirtz","jobTitle":"Landscape architect"},{"@type":"Person","name":"Peter Wirtz","jobTitle":"Landscape architect"}],"location":[{"@type":"Place","name":"Wirtz International Landscape Architects \u2014 Schoten","address":{"@type":"PostalAddress","streetAddress":"Botermelkdijk 464","addressLocality":"Schoten","postalCode":"2900","addressCountry":"BE"},"telephone":"+32 3 680 13 22"},{"@type":"Place","name":"Wirtz International Landscape Architects \u2014 Hamburg","address":{"@type":"PostalAddress","streetAddress":"Armgartstra\u00dfe 4","addressLocality":"Hamburg","postalCode":"22087","addressCountry":"DE"},"telephone":"+49 40 226 30336"},{"@type":"Place","name":"Wirtz International Landscape Architects \u2014 Glastonbury","address":{"@type":"PostalAddress","streetAddress":"100 Western Blvd","addressLocality":"Glastonbury","addressRegion":"CT","postalCode":"06033","addressCountry":"US"}}]},{"@type":"Person","@id":"https:\/\/wirtznv.com\/de\/#\/schema\/person\/238ae8b6d8292a0cce4aba73db1f4de7","name":"dxv_webmaster","image":{"@type":"ImageObject","inLanguage":"de","@id":"https:\/\/secure.gravatar.com\/avatar\/4ac4d7ab1873815315009d11c27ceb03fab8cfaa9cacc1396d8c439780e46067?s=96&d=mm&r=g","url":"https:\/\/secure.gravatar.com\/avatar\/4ac4d7ab1873815315009d11c27ceb03fab8cfaa9cacc1396d8c439780e46067?s=96&d=mm&r=g","contentUrl":"https:\/\/secure.gravatar.com\/avatar\/4ac4d7ab1873815315009d11c27ceb03fab8cfaa9cacc1396d8c439780e46067?s=96&d=mm&r=g","caption":"dxv_webmaster"},"sameAs":["https:\/\/wirtznv.com"]}]}},"_links":{"self":[{"href":"https:\/\/wirtznv.com\/de\/wp-json\/wp\/v2\/posts\/6751","targetHints":{"allow":["GET"]}}],"collection":[{"href":"https:\/\/wirtznv.com\/de\/wp-json\/wp\/v2\/posts"}],"about":[{"href":"https:\/\/wirtznv.com\/de\/wp-json\/wp\/v2\/types\/post"}],"author":[{"embeddable":true,"href":"https:\/\/wirtznv.com\/de\/wp-json\/wp\/v2\/users\/1"}],"replies":[{"embeddable":true,"href":"https:\/\/wirtznv.com\/de\/wp-json\/wp\/v2\/comments?post=6751"}],"version-history":[{"count":0,"href":"https:\/\/wirtznv.com\/de\/wp-json\/wp\/v2\/posts\/6751\/revisions"}],"wp:featuredmedia":[{"embeddable":true,"href":"https:\/\/wirtznv.com\/de\/wp-json\/wp\/v2\/media\/8222"}],"wp:attachment":[{"href":"https:\/\/wirtznv.com\/de\/wp-json\/wp\/v2\/media?parent=6751"}],"wp:term":[{"taxonomy":"category","embeddable":true,"href":"https:\/\/wirtznv.com\/de\/wp-json\/wp\/v2\/categories?post=6751"},{"taxonomy":"post_tag","embeddable":true,"href":"https:\/\/wirtznv.com\/de\/wp-json\/wp\/v2\/tags?post=6751"}],"curies":[{"name":"wp","href":"https:\/\/api.w.org\/{rel}","templated":true}]}}