{"id":6581,"date":"2020-10-19T11:19:38","date_gmt":"2020-10-19T11:19:38","guid":{"rendered":"https:\/\/wirtznv.com\/construction-has-begun-on-de-stadstuin-phase-ii-located-in-ronse-belgium\/"},"modified":"2024-05-21T14:59:32","modified_gmt":"2024-05-21T12:59:32","slug":"phase-ii-des-baus-von-de-stadstuin-in-ronse-hat-begonnen","status":"publish","type":"post","link":"https:\/\/wirtznv.com\/de\/phase-ii-des-baus-von-de-stadstuin-in-ronse-hat-begonnen\/","title":{"rendered":"Phase II des Baus von &#8222;De Stadstuin&#8220; in Ronse (BE) hat begonnen"},"content":{"rendered":"<p>Die Bauarbeiten f\u00fcr den zweiten und letzten Teil des \u00f6ffentlichen Parks &#8222;<a href=\"https:\/\/wirtznv.com\/de\/projekt\/oeffentlicher-park-ronse\/\">De Stadstuin<\/a>&#8220; in Ronse haben begonnen. Der Park, der sich auf einem 11 Hektar gro\u00dfen Gel\u00e4nde mit Blick auf die Stadt befindet, ist ein wichtiger Teil eines wichtigen\u202fStadterweiterungsprojekts, das die Stadt Ronse 2011 ins Leben gerufen hat Nach seiner Fertigstellung wird er als metaphorische &#8222;gr\u00fcne Lunge&#8220; der Stadt fungieren. Die sanft geschwungene Landschaft mit Grash\u00fcgeln wurde durch die Verwendung von \u00fcbersch\u00fcssigem Untergrund aus Phase I geschaffen und bietet verschlungene Wege und passive Erholung. Die vielen Wege und eine interessante Sammlung von einheimischen und nicht einheimischen (bl\u00fchenden) B\u00e4umen bieten den Besuchern von \u201eDe Stadstuin\u201c eine angenehme Vielfalt an unterschiedlichen Perspektiven.<\/p>\n<p>Die Arbeiten der Phase II f\u00fcr den Stadtpark werden voraussichtlich im Fr\u00fchling 2021 abgeschlossen sein.<\/p>\n","protected":false},"excerpt":{"rendered":"<p>Die Bauarbeiten f\u00fcr den zweiten und letzten Teil des \u00f6ffentlichen Parks &#8222;De Stadstuin&#8220; in Ronse haben begonnen. Der Park, der sich auf einem 11 Hektar gro\u00dfen Gel\u00e4nde mit Blick auf die Stadt befindet, ist ein wichtiger Teil eines wichtigen\u202fStadterweiterungsprojekts, das [&hellip;]<\/p>\n","protected":false},"author":1,"featured_media":8136,"comment_status":"closed","ping_status":"open","sticky":false,"template":"","format":"standard","meta":{"_acf_changed":false,"footnotes":""},"categories":[2],"tags":[],"class_list":["post-6581","post","type-post","status-publish","format-standard","has-post-thumbnail","hentry","category-unkategorisiert"],"acf":[],"yoast_head":"<!-- This site is optimized with the Yoast SEO plugin v28.3 - https:\/\/yoast.com\/product\/yoast-seo-wordpress\/ -->\n<title>Der Stadstuin in Ronse wird als gr\u00fcne Lunge fungieren | Wirtz<\/title>\n<meta name=\"description\" content=\"Die Bauarbeiten f\u00fcr den zweiten Teil des \u00f6ffentlichen Parks &quot;De Stadstuin&quot; in Ronse haben begonnen. Er wird als gr\u00fcne Lunge fungieren.\" \/>\n<meta name=\"robots\" content=\"index, follow, max-snippet:-1, max-image-preview:large, max-video-preview:-1\" \/>\n<link rel=\"canonical\" href=\"https:\/\/wirtznv.com\/de\/phase-ii-des-baus-von-de-stadstuin-in-ronse-hat-begonnen\/\" \/>\n<meta property=\"og:locale\" content=\"de_DE\" \/>\n<meta property=\"og:type\" content=\"article\" \/>\n<meta property=\"og:title\" content=\"Der Stadstuin in Ronse wird als gr\u00fcne Lunge fungieren | Wirtz\" \/>\n<meta property=\"og:description\" content=\"Die Bauarbeiten f\u00fcr den zweiten Teil des \u00f6ffentlichen Parks &quot;De Stadstuin&quot; in Ronse haben begonnen. Er wird als gr\u00fcne Lunge fungieren.\" \/>\n<meta property=\"og:url\" content=\"https:\/\/wirtznv.com\/de\/phase-ii-des-baus-von-de-stadstuin-in-ronse-hat-begonnen\/\" \/>\n<meta property=\"og:site_name\" content=\"Wirtz NV\" \/>\n<meta property=\"article:published_time\" content=\"2020-10-19T11:19:38+00:00\" \/>\n<meta property=\"article:modified_time\" content=\"2024-05-21T12:59:32+00:00\" \/>\n<meta property=\"og:image\" content=\"https:\/\/wirtznv.com\/wp-content\/uploads\/2020\/10\/News-Construction-has-begun-on-\u2018De-Stadstuin-Phase-II-located-in-Ronse-Belgium.jpg\" \/>\n\t<meta property=\"og:image:width\" content=\"2000\" \/>\n\t<meta property=\"og:image:height\" content=\"1335\" \/>\n\t<meta property=\"og:image:type\" content=\"image\/jpeg\" \/>\n<meta name=\"author\" content=\"dxv_webmaster\" \/>\n<meta name=\"twitter:card\" content=\"summary_large_image\" \/>\n<meta name=\"twitter:creator\" content=\"@Wirtz_Gardens\" \/>\n<meta name=\"twitter:site\" content=\"@Wirtz_Gardens\" \/>\n<meta name=\"twitter:label1\" content=\"Verfasst von\" \/>\n\t<meta name=\"twitter:data1\" content=\"dxv_webmaster\" \/>\n\t<meta name=\"twitter:label2\" content=\"Gesch\u00e4tzte Lesezeit\" \/>\n\t<meta name=\"twitter:data2\" content=\"1\u00a0Minute\" \/>\n<script type=\"application\/ld+json\" class=\"yoast-schema-graph\">{\"@context\":\"https:\\\/\\\/schema.org\",\"@graph\":[{\"@type\":\"Article\",\"@id\":\"https:\\\/\\\/wirtznv.com\\\/de\\\/phase-ii-des-baus-von-de-stadstuin-in-ronse-hat-begonnen\\\/#article\",\"isPartOf\":{\"@id\":\"https:\\\/\\\/wirtznv.com\\\/de\\\/phase-ii-des-baus-von-de-stadstuin-in-ronse-hat-begonnen\\\/\"},\"author\":{\"name\":\"dxv_webmaster\",\"@id\":\"https:\\\/\\\/wirtznv.com\\\/de\\\/#\\\/schema\\\/person\\\/238ae8b6d8292a0cce4aba73db1f4de7\"},\"headline\":\"Phase II des Baus von &#8222;De Stadstuin&#8220; in Ronse (BE) hat begonnen\",\"datePublished\":\"2020-10-19T11:19:38+00:00\",\"dateModified\":\"2024-05-21T12:59:32+00:00\",\"mainEntityOfPage\":{\"@id\":\"https:\\\/\\\/wirtznv.com\\\/de\\\/phase-ii-des-baus-von-de-stadstuin-in-ronse-hat-begonnen\\\/\"},\"wordCount\":145,\"publisher\":{\"@id\":\"https:\\\/\\\/wirtznv.com\\\/de\\\/#organization\"},\"image\":{\"@id\":\"https:\\\/\\\/wirtznv.com\\\/de\\\/phase-ii-des-baus-von-de-stadstuin-in-ronse-hat-begonnen\\\/#primaryimage\"},\"thumbnailUrl\":\"https:\\\/\\\/wirtznv.com\\\/wp-content\\\/uploads\\\/2020\\\/10\\\/News-Construction-has-begun-on-\u2018De-Stadstuin-Phase-II-located-in-Ronse-Belgium.jpg\",\"articleSection\":[\"Unkategorisiert\"],\"inLanguage\":\"de\"},{\"@type\":\"WebPage\",\"@id\":\"https:\\\/\\\/wirtznv.com\\\/de\\\/phase-ii-des-baus-von-de-stadstuin-in-ronse-hat-begonnen\\\/\",\"url\":\"https:\\\/\\\/wirtznv.com\\\/de\\\/phase-ii-des-baus-von-de-stadstuin-in-ronse-hat-begonnen\\\/\",\"name\":\"Der Stadstuin in Ronse wird als gr\u00fcne Lunge fungieren | Wirtz\",\"isPartOf\":{\"@id\":\"https:\\\/\\\/wirtznv.com\\\/de\\\/#website\"},\"primaryImageOfPage\":{\"@id\":\"https:\\\/\\\/wirtznv.com\\\/de\\\/phase-ii-des-baus-von-de-stadstuin-in-ronse-hat-begonnen\\\/#primaryimage\"},\"image\":{\"@id\":\"https:\\\/\\\/wirtznv.com\\\/de\\\/phase-ii-des-baus-von-de-stadstuin-in-ronse-hat-begonnen\\\/#primaryimage\"},\"thumbnailUrl\":\"https:\\\/\\\/wirtznv.com\\\/wp-content\\\/uploads\\\/2020\\\/10\\\/News-Construction-has-begun-on-\u2018De-Stadstuin-Phase-II-located-in-Ronse-Belgium.jpg\",\"datePublished\":\"2020-10-19T11:19:38+00:00\",\"dateModified\":\"2024-05-21T12:59:32+00:00\",\"description\":\"Die Bauarbeiten f\u00fcr den zweiten Teil des \u00f6ffentlichen Parks \\\"De Stadstuin\\\" in Ronse haben begonnen. Er wird als gr\u00fcne Lunge fungieren.\",\"breadcrumb\":{\"@id\":\"https:\\\/\\\/wirtznv.com\\\/de\\\/phase-ii-des-baus-von-de-stadstuin-in-ronse-hat-begonnen\\\/#breadcrumb\"},\"inLanguage\":\"de\",\"potentialAction\":[{\"@type\":\"ReadAction\",\"target\":[\"https:\\\/\\\/wirtznv.com\\\/de\\\/phase-ii-des-baus-von-de-stadstuin-in-ronse-hat-begonnen\\\/\"]}]},{\"@type\":\"ImageObject\",\"inLanguage\":\"de\",\"@id\":\"https:\\\/\\\/wirtznv.com\\\/de\\\/phase-ii-des-baus-von-de-stadstuin-in-ronse-hat-begonnen\\\/#primaryimage\",\"url\":\"https:\\\/\\\/wirtznv.com\\\/wp-content\\\/uploads\\\/2020\\\/10\\\/News-Construction-has-begun-on-\u2018De-Stadstuin-Phase-II-located-in-Ronse-Belgium.jpg\",\"contentUrl\":\"https:\\\/\\\/wirtznv.com\\\/wp-content\\\/uploads\\\/2020\\\/10\\\/News-Construction-has-begun-on-\u2018De-Stadstuin-Phase-II-located-in-Ronse-Belgium.jpg\",\"width\":2000,\"height\":1335},{\"@type\":\"BreadcrumbList\",\"@id\":\"https:\\\/\\\/wirtznv.com\\\/de\\\/phase-ii-des-baus-von-de-stadstuin-in-ronse-hat-begonnen\\\/#breadcrumb\",\"itemListElement\":[{\"@type\":\"ListItem\",\"position\":1,\"name\":\"Home\",\"item\":\"https:\\\/\\\/wirtznv.com\\\/de\\\/\"},{\"@type\":\"ListItem\",\"position\":2,\"name\":\"Phase II des Baus von &#8220;De Stadstuin&#8221; in Ronse (BE) hat begonnen\"}]},{\"@type\":\"WebSite\",\"@id\":\"https:\\\/\\\/wirtznv.com\\\/de\\\/#website\",\"url\":\"https:\\\/\\\/wirtznv.com\\\/de\\\/\",\"name\":\"Wirtz NV\",\"description\":\"\",\"publisher\":{\"@id\":\"https:\\\/\\\/wirtznv.com\\\/de\\\/#organization\"},\"potentialAction\":[{\"@type\":\"SearchAction\",\"target\":{\"@type\":\"EntryPoint\",\"urlTemplate\":\"https:\\\/\\\/wirtznv.com\\\/de\\\/?s={search_term_string}\"},\"query-input\":{\"@type\":\"PropertyValueSpecification\",\"valueRequired\":true,\"valueName\":\"search_term_string\"}}],\"inLanguage\":\"de\"},{\"@type\":\"Organization\",\"@id\":\"https:\\\/\\\/wirtznv.com\\\/de\\\/#organization\",\"name\":\"Wirtz International Landscape Architects\",\"alternateName\":\"Wirtz NV\",\"url\":\"https:\\\/\\\/wirtznv.com\\\/de\\\/\",\"logo\":{\"@type\":\"ImageObject\",\"inLanguage\":\"de\",\"@id\":\"https:\\\/\\\/wirtznv.com\\\/de\\\/#\\\/schema\\\/logo\\\/image\\\/\",\"url\":\"https:\\\/\\\/wirtznv.com\\\/wp-content\\\/uploads\\\/2021\\\/03\\\/logo_header@2x-1.png\",\"contentUrl\":\"https:\\\/\\\/wirtznv.com\\\/wp-content\\\/uploads\\\/2021\\\/03\\\/logo_header@2x-1.png\",\"width\":177,\"height\":161,\"caption\":\"Wirtz International Landscape Architects\"},\"image\":{\"@id\":\"https:\\\/\\\/wirtznv.com\\\/de\\\/#\\\/schema\\\/logo\\\/image\\\/\"},\"sameAs\":[\"https:\\\/\\\/x.com\\\/Wirtz_Gardens\",\"https:\\\/\\\/www.instagram.com\\\/Wirtz_International\\\/\"],\"description\":\"Wirtz International Landscape Architects ist ein belgisches Garten- und Landschaftsarchitekturb\u00fcro in Schoten bei Antwerpen, gegr\u00fcndet von Jacques Wirtz. Das B\u00fcro entwirft Privatg\u00e4rten, Firmeng\u00e4rten, \u00f6ffentliche R\u00e4ume und Dachg\u00e4rten im In- und Ausland.\",\"address\":{\"@type\":\"PostalAddress\",\"streetAddress\":\"Botermelkdijk 464\",\"addressLocality\":\"Schoten\",\"postalCode\":\"2900\",\"addressCountry\":\"BE\"},\"telephone\":\"+32 3 680 13 22\",\"email\":\"info@wirtznv.be\",\"founder\":{\"@type\":\"Person\",\"name\":\"Jacques Wirtz\",\"birthDate\":\"1924\",\"jobTitle\":\"Landscape architect\",\"description\":\"Belgisch tuin- en landschapsarchitect, geboren in Antwerpen in 1924, oprichter van het bureau.\"},\"knowsAbout\":[\"Landscape architecture\",\"Garden design\",\"Public space design\",\"Roof gardens\",\"Private gardens\"],\"areaServed\":[\"BE\",\"NL\",\"FR\",\"DE\",\"GB\",\"US\",\"ES\",\"CH\",\"PL\"],\"foundingDate\":\"1950\",\"employee\":[{\"@type\":\"Person\",\"name\":\"Martin Wirtz\",\"jobTitle\":\"Landscape architect\"},{\"@type\":\"Person\",\"name\":\"Peter Wirtz\",\"jobTitle\":\"Landscape architect\"}],\"location\":[{\"@type\":\"Place\",\"name\":\"Wirtz International Landscape Architects \u2014 Schoten\",\"address\":{\"@type\":\"PostalAddress\",\"streetAddress\":\"Botermelkdijk 464\",\"addressLocality\":\"Schoten\",\"postalCode\":\"2900\",\"addressCountry\":\"BE\"},\"telephone\":\"+32 3 680 13 22\"},{\"@type\":\"Place\",\"name\":\"Wirtz International Landscape Architects \u2014 Hamburg\",\"address\":{\"@type\":\"PostalAddress\",\"streetAddress\":\"Armgartstra\u00dfe 4\",\"addressLocality\":\"Hamburg\",\"postalCode\":\"22087\",\"addressCountry\":\"DE\"},\"telephone\":\"+49 40 226 30336\"},{\"@type\":\"Place\",\"name\":\"Wirtz International Landscape Architects \u2014 Glastonbury\",\"address\":{\"@type\":\"PostalAddress\",\"streetAddress\":\"100 Western Blvd\",\"addressLocality\":\"Glastonbury\",\"addressRegion\":\"CT\",\"postalCode\":\"06033\",\"addressCountry\":\"US\"}}]},{\"@type\":\"Person\",\"@id\":\"https:\\\/\\\/wirtznv.com\\\/de\\\/#\\\/schema\\\/person\\\/238ae8b6d8292a0cce4aba73db1f4de7\",\"name\":\"dxv_webmaster\",\"image\":{\"@type\":\"ImageObject\",\"inLanguage\":\"de\",\"@id\":\"https:\\\/\\\/secure.gravatar.com\\\/avatar\\\/4ac4d7ab1873815315009d11c27ceb03fab8cfaa9cacc1396d8c439780e46067?s=96&d=mm&r=g\",\"url\":\"https:\\\/\\\/secure.gravatar.com\\\/avatar\\\/4ac4d7ab1873815315009d11c27ceb03fab8cfaa9cacc1396d8c439780e46067?s=96&d=mm&r=g\",\"contentUrl\":\"https:\\\/\\\/secure.gravatar.com\\\/avatar\\\/4ac4d7ab1873815315009d11c27ceb03fab8cfaa9cacc1396d8c439780e46067?s=96&d=mm&r=g\",\"caption\":\"dxv_webmaster\"},\"sameAs\":[\"https:\\\/\\\/wirtznv.com\"]}]}<\/script>\n<!-- \/ Yoast SEO plugin. -->","yoast_head_json":{"title":"Der Stadstuin in Ronse wird als gr\u00fcne Lunge fungieren | Wirtz","description":"Die Bauarbeiten f\u00fcr den zweiten Teil des \u00f6ffentlichen Parks \"De Stadstuin\" in Ronse haben begonnen. Er wird als gr\u00fcne Lunge fungieren.","robots":{"index":"index","follow":"follow","max-snippet":"max-snippet:-1","max-image-preview":"max-image-preview:large","max-video-preview":"max-video-preview:-1"},"canonical":"https:\/\/wirtznv.com\/de\/phase-ii-des-baus-von-de-stadstuin-in-ronse-hat-begonnen\/","og_locale":"de_DE","og_type":"article","og_title":"Der Stadstuin in Ronse wird als gr\u00fcne Lunge fungieren | Wirtz","og_description":"Die Bauarbeiten f\u00fcr den zweiten Teil des \u00f6ffentlichen Parks \"De Stadstuin\" in Ronse haben begonnen. Er wird als gr\u00fcne Lunge fungieren.","og_url":"https:\/\/wirtznv.com\/de\/phase-ii-des-baus-von-de-stadstuin-in-ronse-hat-begonnen\/","og_site_name":"Wirtz NV","article_published_time":"2020-10-19T11:19:38+00:00","article_modified_time":"2024-05-21T12:59:32+00:00","og_image":[{"width":2000,"height":1335,"url":"https:\/\/wirtznv.com\/wp-content\/uploads\/2020\/10\/News-Construction-has-begun-on-\u2018De-Stadstuin-Phase-II-located-in-Ronse-Belgium.jpg","type":"image\/jpeg"}],"author":"dxv_webmaster","twitter_card":"summary_large_image","twitter_creator":"@Wirtz_Gardens","twitter_site":"@Wirtz_Gardens","twitter_misc":{"Verfasst von":"dxv_webmaster","Gesch\u00e4tzte Lesezeit":"1\u00a0Minute"},"schema":{"@context":"https:\/\/schema.org","@graph":[{"@type":"Article","@id":"https:\/\/wirtznv.com\/de\/phase-ii-des-baus-von-de-stadstuin-in-ronse-hat-begonnen\/#article","isPartOf":{"@id":"https:\/\/wirtznv.com\/de\/phase-ii-des-baus-von-de-stadstuin-in-ronse-hat-begonnen\/"},"author":{"name":"dxv_webmaster","@id":"https:\/\/wirtznv.com\/de\/#\/schema\/person\/238ae8b6d8292a0cce4aba73db1f4de7"},"headline":"Phase II des Baus von &#8222;De Stadstuin&#8220; in Ronse (BE) hat begonnen","datePublished":"2020-10-19T11:19:38+00:00","dateModified":"2024-05-21T12:59:32+00:00","mainEntityOfPage":{"@id":"https:\/\/wirtznv.com\/de\/phase-ii-des-baus-von-de-stadstuin-in-ronse-hat-begonnen\/"},"wordCount":145,"publisher":{"@id":"https:\/\/wirtznv.com\/de\/#organization"},"image":{"@id":"https:\/\/wirtznv.com\/de\/phase-ii-des-baus-von-de-stadstuin-in-ronse-hat-begonnen\/#primaryimage"},"thumbnailUrl":"https:\/\/wirtznv.com\/wp-content\/uploads\/2020\/10\/News-Construction-has-begun-on-\u2018De-Stadstuin-Phase-II-located-in-Ronse-Belgium.jpg","articleSection":["Unkategorisiert"],"inLanguage":"de"},{"@type":"WebPage","@id":"https:\/\/wirtznv.com\/de\/phase-ii-des-baus-von-de-stadstuin-in-ronse-hat-begonnen\/","url":"https:\/\/wirtznv.com\/de\/phase-ii-des-baus-von-de-stadstuin-in-ronse-hat-begonnen\/","name":"Der Stadstuin in Ronse wird als gr\u00fcne Lunge fungieren | Wirtz","isPartOf":{"@id":"https:\/\/wirtznv.com\/de\/#website"},"primaryImageOfPage":{"@id":"https:\/\/wirtznv.com\/de\/phase-ii-des-baus-von-de-stadstuin-in-ronse-hat-begonnen\/#primaryimage"},"image":{"@id":"https:\/\/wirtznv.com\/de\/phase-ii-des-baus-von-de-stadstuin-in-ronse-hat-begonnen\/#primaryimage"},"thumbnailUrl":"https:\/\/wirtznv.com\/wp-content\/uploads\/2020\/10\/News-Construction-has-begun-on-\u2018De-Stadstuin-Phase-II-located-in-Ronse-Belgium.jpg","datePublished":"2020-10-19T11:19:38+00:00","dateModified":"2024-05-21T12:59:32+00:00","description":"Die Bauarbeiten f\u00fcr den zweiten Teil des \u00f6ffentlichen Parks \"De Stadstuin\" in Ronse haben begonnen. Er wird als gr\u00fcne Lunge fungieren.","breadcrumb":{"@id":"https:\/\/wirtznv.com\/de\/phase-ii-des-baus-von-de-stadstuin-in-ronse-hat-begonnen\/#breadcrumb"},"inLanguage":"de","potentialAction":[{"@type":"ReadAction","target":["https:\/\/wirtznv.com\/de\/phase-ii-des-baus-von-de-stadstuin-in-ronse-hat-begonnen\/"]}]},{"@type":"ImageObject","inLanguage":"de","@id":"https:\/\/wirtznv.com\/de\/phase-ii-des-baus-von-de-stadstuin-in-ronse-hat-begonnen\/#primaryimage","url":"https:\/\/wirtznv.com\/wp-content\/uploads\/2020\/10\/News-Construction-has-begun-on-\u2018De-Stadstuin-Phase-II-located-in-Ronse-Belgium.jpg","contentUrl":"https:\/\/wirtznv.com\/wp-content\/uploads\/2020\/10\/News-Construction-has-begun-on-\u2018De-Stadstuin-Phase-II-located-in-Ronse-Belgium.jpg","width":2000,"height":1335},{"@type":"BreadcrumbList","@id":"https:\/\/wirtznv.com\/de\/phase-ii-des-baus-von-de-stadstuin-in-ronse-hat-begonnen\/#breadcrumb","itemListElement":[{"@type":"ListItem","position":1,"name":"Home","item":"https:\/\/wirtznv.com\/de\/"},{"@type":"ListItem","position":2,"name":"Phase II des Baus von &#8220;De Stadstuin&#8221; in Ronse (BE) hat begonnen"}]},{"@type":"WebSite","@id":"https:\/\/wirtznv.com\/de\/#website","url":"https:\/\/wirtznv.com\/de\/","name":"Wirtz NV","description":"","publisher":{"@id":"https:\/\/wirtznv.com\/de\/#organization"},"potentialAction":[{"@type":"SearchAction","target":{"@type":"EntryPoint","urlTemplate":"https:\/\/wirtznv.com\/de\/?s={search_term_string}"},"query-input":{"@type":"PropertyValueSpecification","valueRequired":true,"valueName":"search_term_string"}}],"inLanguage":"de"},{"@type":"Organization","@id":"https:\/\/wirtznv.com\/de\/#organization","name":"Wirtz International Landscape Architects","alternateName":"Wirtz NV","url":"https:\/\/wirtznv.com\/de\/","logo":{"@type":"ImageObject","inLanguage":"de","@id":"https:\/\/wirtznv.com\/de\/#\/schema\/logo\/image\/","url":"https:\/\/wirtznv.com\/wp-content\/uploads\/2021\/03\/logo_header@2x-1.png","contentUrl":"https:\/\/wirtznv.com\/wp-content\/uploads\/2021\/03\/logo_header@2x-1.png","width":177,"height":161,"caption":"Wirtz International Landscape Architects"},"image":{"@id":"https:\/\/wirtznv.com\/de\/#\/schema\/logo\/image\/"},"sameAs":["https:\/\/x.com\/Wirtz_Gardens","https:\/\/www.instagram.com\/Wirtz_International\/"],"description":"Wirtz International Landscape Architects ist ein belgisches Garten- und Landschaftsarchitekturb\u00fcro in Schoten bei Antwerpen, gegr\u00fcndet von Jacques Wirtz. Das B\u00fcro entwirft Privatg\u00e4rten, Firmeng\u00e4rten, \u00f6ffentliche R\u00e4ume und Dachg\u00e4rten im In- und Ausland.","address":{"@type":"PostalAddress","streetAddress":"Botermelkdijk 464","addressLocality":"Schoten","postalCode":"2900","addressCountry":"BE"},"telephone":"+32 3 680 13 22","email":"info@wirtznv.be","founder":{"@type":"Person","name":"Jacques Wirtz","birthDate":"1924","jobTitle":"Landscape architect","description":"Belgisch tuin- en landschapsarchitect, geboren in Antwerpen in 1924, oprichter van het bureau."},"knowsAbout":["Landscape architecture","Garden design","Public space design","Roof gardens","Private gardens"],"areaServed":["BE","NL","FR","DE","GB","US","ES","CH","PL"],"foundingDate":"1950","employee":[{"@type":"Person","name":"Martin Wirtz","jobTitle":"Landscape architect"},{"@type":"Person","name":"Peter Wirtz","jobTitle":"Landscape architect"}],"location":[{"@type":"Place","name":"Wirtz International Landscape Architects \u2014 Schoten","address":{"@type":"PostalAddress","streetAddress":"Botermelkdijk 464","addressLocality":"Schoten","postalCode":"2900","addressCountry":"BE"},"telephone":"+32 3 680 13 22"},{"@type":"Place","name":"Wirtz International Landscape Architects \u2014 Hamburg","address":{"@type":"PostalAddress","streetAddress":"Armgartstra\u00dfe 4","addressLocality":"Hamburg","postalCode":"22087","addressCountry":"DE"},"telephone":"+49 40 226 30336"},{"@type":"Place","name":"Wirtz International Landscape Architects \u2014 Glastonbury","address":{"@type":"PostalAddress","streetAddress":"100 Western Blvd","addressLocality":"Glastonbury","addressRegion":"CT","postalCode":"06033","addressCountry":"US"}}]},{"@type":"Person","@id":"https:\/\/wirtznv.com\/de\/#\/schema\/person\/238ae8b6d8292a0cce4aba73db1f4de7","name":"dxv_webmaster","image":{"@type":"ImageObject","inLanguage":"de","@id":"https:\/\/secure.gravatar.com\/avatar\/4ac4d7ab1873815315009d11c27ceb03fab8cfaa9cacc1396d8c439780e46067?s=96&d=mm&r=g","url":"https:\/\/secure.gravatar.com\/avatar\/4ac4d7ab1873815315009d11c27ceb03fab8cfaa9cacc1396d8c439780e46067?s=96&d=mm&r=g","contentUrl":"https:\/\/secure.gravatar.com\/avatar\/4ac4d7ab1873815315009d11c27ceb03fab8cfaa9cacc1396d8c439780e46067?s=96&d=mm&r=g","caption":"dxv_webmaster"},"sameAs":["https:\/\/wirtznv.com"]}]}},"_links":{"self":[{"href":"https:\/\/wirtznv.com\/de\/wp-json\/wp\/v2\/posts\/6581","targetHints":{"allow":["GET"]}}],"collection":[{"href":"https:\/\/wirtznv.com\/de\/wp-json\/wp\/v2\/posts"}],"about":[{"href":"https:\/\/wirtznv.com\/de\/wp-json\/wp\/v2\/types\/post"}],"author":[{"embeddable":true,"href":"https:\/\/wirtznv.com\/de\/wp-json\/wp\/v2\/users\/1"}],"replies":[{"embeddable":true,"href":"https:\/\/wirtznv.com\/de\/wp-json\/wp\/v2\/comments?post=6581"}],"version-history":[{"count":0,"href":"https:\/\/wirtznv.com\/de\/wp-json\/wp\/v2\/posts\/6581\/revisions"}],"wp:featuredmedia":[{"embeddable":true,"href":"https:\/\/wirtznv.com\/de\/wp-json\/wp\/v2\/media\/8136"}],"wp:attachment":[{"href":"https:\/\/wirtznv.com\/de\/wp-json\/wp\/v2\/media?parent=6581"}],"wp:term":[{"taxonomy":"category","embeddable":true,"href":"https:\/\/wirtznv.com\/de\/wp-json\/wp\/v2\/categories?post=6581"},{"taxonomy":"post_tag","embeddable":true,"href":"https:\/\/wirtznv.com\/de\/wp-json\/wp\/v2\/tags?post=6581"}],"curies":[{"name":"wp","href":"https:\/\/api.w.org\/{rel}","templated":true}]}}